{"id":20945,"date":"2022-08-26T11:00:43","date_gmt":"2022-08-26T11:00:43","guid":{"rendered":"https:\/\/romeuprenafeta.com\/ahora-es-meta-business-suite-no-facebook\/"},"modified":"2022-08-26T11:00:43","modified_gmt":"2022-08-26T11:00:43","slug":"ahora-es-meta-business-suite-no-facebook","status":"publish","type":"post","link":"https:\/\/romeuprenafeta.com\/es\/ahora-es-meta-business-suite-no-facebook\/","title":{"rendered":"Ahora es Meta Business Suite, no Facebook."},"content":{"rendered":"<p>Cada vez vivimos en un cambio constante, por eso <a href=\"https:\/\/www.facebook.com\/romeuprenafeta\/\"><strong>Facebook <\/strong><\/a>tom\u00f3 la decisi\u00f3n de cambiar y pas\u00f3 a ser Meta, con el lema \u00ab<span class=\"hiddenSpellError\">Metaverse <\/span><span class=\"hiddenSpellError\">first<\/span>, <span class=\"hiddenGreenError\" style=\"padding-bottom: 2px; background-image: url('..\/..\/..\/..\/..\/images\/squiggle_green.png'); background-repeat: repeat-x; background-position: left bottom; cursor: default; color: #000000; font-family: 'Open Sans', Helvetica, Arial, sans-serif; font-size: 16px; font-style: normal; font-variant-ligatures: normal; font-variant-caps: normal; font-weight: 300; letter-spacing: normal; orphans: 2; text-align: start; text-indent: 0px; text-transform: none; white-space: normal; widows: 2; word-spacing: 0px; -webkit-text-stroke-width: 0px; text-decoration-thickness: initial; text-decoration-style: initial; text-decoration-color: initial;\">not <\/span>Facebook <span class=\"hiddenSpellError\">first<\/span>\u00ab. Un cambio crucial que afecta el nombre de la compa\u00f1\u00eda, confirmado por Mark Zuckerberg, el inicio de una nueva etapa con herramientas innovadoras que afectan tanto a la propia red social Facebook como a las redes vinculadas, como WhatsApp e Instagram. <\/p>\n<h2>\u00bfQu\u00e9 es?<\/h2>\n<p>Con Meta, la plataforma Facebook, adem\u00e1s de ser una red social donde diversos usuarios interact\u00faan mediante im\u00e1genes, mensajes o v\u00eddeos, se convertir\u00e1 en un nexo de uni\u00f3n con el mundo virtual. Esta nueva realidad del futuro cada vez se acerca m\u00e1s y su desarrollo avanza considerablemente. Facebook es una plataforma con un gran volumen de usuarios en l\u00ednea y es cierto que este nuevo punto de partida trae nuevas formas de conectarnos m\u00e1s actualizadas. <\/p>\n<p>Principalmente, nos encontramos con las mismas funciones de Facebook, pero con la incorporaci\u00f3n gratuita de Meta <span class=\"hiddenSpellError\">Business <\/span>Suite, una plataforma que permite al usuario ahorrar mucho tiempo, organizarse, conectarse con diversos usuarios y obtener mejores resultados comerciales. Con Meta <span class=\"hiddenSpellError\">Business <\/span>Suite es m\u00e1s f\u00e1cil ver las notificaciones, responder los mensajes, crear o programar publicaciones, historias, anuncios y tambi\u00e9n encontrar\u00e1s estad\u00edsticas para optimizar y alcanzar los objetivos marcados. <\/p>\n<h2>Meta Business Suite<\/h2>\n<p>Meta <span class=\"hiddenSpellError\">Business <\/span>Suite ofrece m\u00faltiples herramientas y funciones que te permitir\u00e1n agilizar la comunicaci\u00f3n con los clientes, as\u00ed como administrar Facebook, Messenger e Instagram al mismo tiempo.<\/p>\n<ul>\n<li>Realizar publicaciones simult\u00e1neamente en Facebook e Instagram sin tener que cambiar de cuenta.<\/li>\n<li>Leer y responder mensajes y comentarios desde un mismo lugar en Facebook, Messenger e Instagram, con la posibilidad de crear respuestas autom\u00e1ticas.\n<\/li>\n<li>Crear un anuncio o promocionar una publicaci\u00f3n.\n<\/li>\n<li>Acceso a las estad\u00edsticas.<\/li>\n<li>Acceder con facilidad al administrador de anuncios, administrador de ventas, etc.<\/li>\n<\/ul>\n<p>Como hemos visto, Meta <span class=\"hiddenSpellError\">Business <\/span>Suite permite administrar desde un mismo lugar tanto Facebook como Instagram, adem\u00e1s de ofrecer una variedad de herramientas gratuitas que facilitan el control y la comunicaci\u00f3n con los clientes de forma clara y sencilla.<\/p>\n<p>La visi\u00f3n de Facebook de cara al futuro es continuar innovando y potenciando la plataforma bajo el nombre de Meta. Actualmente, ya apuesta fuertemente por la posibilidad de crear mundos virtuales conectados con el mundo real. Un nuevo mundo digital llamado <span class=\"hiddenSpellError\">Metaverso <\/span>cada vez m\u00e1s cerca. <\/p>\n<p>Como conclusi\u00f3n, podemos decir que Facebook contin\u00faa innov\u00e1ndose y potenciando la plataforma. Por eso, con la introducci\u00f3n de Meta <span class=\"hiddenSpellError\">Business <\/span>Suite encontramos nuevas funcionalidades y herramientas accesibles para todas las personas. En poco tiempo, se incorporar\u00e1n nuevas herramientas de automatizaci\u00f3n para incrementar las ventas e impulsar el crecimiento. <\/p>\n<div class=\"entry-content clr\">\n<p>Si te ha parecido interesante, no olvides compartirlo en tus redes sociales o dejarme un comentario.<\/p>\n<p>Si quieres saber m\u00e1s o tienes dudas, com\u00e9ntamelo, estar\u00e9 encantada de responderte. Puedes contactarme en mi perfil de <a href=\"https:\/\/es.linkedin.com\/company\/romeu-prenafeta\" target=\"_blank\" rel=\"noopener noreferrer\"><strong>LinkedIn<\/strong><\/a> y seguir nuestros canales sociales en <strong><a href=\"https:\/\/www.instagram.com\/romeuprenafeta\/\" target=\"_blank\" rel=\"noopener noreferrer\">Instagram<\/a>, <a href=\"https:\/\/twitter.com\/RomeuPrenafeta_\" target=\"_blank\" rel=\"noopener noreferrer\">Twitter <\/a><\/strong>y <strong><a href=\"https:\/\/www.facebook.com\/romeuprenafeta\/\" target=\"_blank\" rel=\"noopener noreferrer\">Facebook<\/a><\/strong>.<\/p>\n<\/div>\n","protected":false},"excerpt":{"rendered":"<p>Cada vez vivimos en un cambio constante, por eso Facebook tom\u00f3 la decisi\u00f3n de cambiar y pas\u00f3 a ser Meta, con el lema \u00abMetaverse first, not Facebook first\u00ab. Un cambio crucial que afecta el nombre de la compa\u00f1\u00eda, confirmado por Mark Zuckerberg, el inicio de una nueva etapa con herramientas innovadoras que afectan tanto a [&hellip;]<\/p>\n","protected":false},"author":1,"featured_media":14267,"comment_status":"open","ping_status":"open","sticky":false,"template":"","format":"standard","meta":{"footnotes":""},"categories":[273,286],"tags":[303,306,291,287,323,316,278],"class_list":["post-20945","post","type-post","status-publish","format-standard","has-post-thumbnail","hentry","category-blog-es","category-noticias","tag-comunicacion","tag-facebook-es","tag-marketing-es-2","tag-marketing-digital-es-2","tag-meta-es","tag-redes-sociales-es-2","tag-redes-sociales-es"],"yoast_head":"<!-- This site is optimized with the Yoast SEO plugin v26.4 - https:\/\/yoast.com\/wordpress\/plugins\/seo\/ -->\n<title>Ahora es Meta Business Suite, no Facebook. | Romeu Prenafeta<\/title>\n<meta name=\"robots\" content=\"index, follow, max-snippet:-1, max-image-preview:large, max-video-preview:-1\" \/>\n<link rel=\"canonical\" href=\"https:\/\/romeuprenafeta.com\/es\/ahora-es-meta-business-suite-no-facebook\/\" \/>\n<meta property=\"og:locale\" content=\"es_ES\" \/>\n<meta property=\"og:type\" content=\"article\" \/>\n<meta property=\"og:title\" content=\"Ahora es Meta Business Suite, no Facebook. | Romeu Prenafeta\" \/>\n<meta property=\"og:description\" content=\"Cada vez vivimos en un cambio constante, por eso Facebook tom\u00f3 la decisi\u00f3n de cambiar y pas\u00f3 a ser Meta, con el lema \u00abMetaverse first, not Facebook first\u00ab. Un cambio crucial que afecta el nombre de la compa\u00f1\u00eda, confirmado por Mark Zuckerberg, el inicio de una nueva etapa con herramientas innovadoras que afectan tanto a [&hellip;]\" \/>\n<meta property=\"og:url\" content=\"https:\/\/romeuprenafeta.com\/es\/ahora-es-meta-business-suite-no-facebook\/\" \/>\n<meta property=\"og:site_name\" content=\"Romeu Prenafeta\" \/>\n<meta property=\"article:publisher\" content=\"https:\/\/www.facebook.com\/romeuprenafeta\" \/>\n<meta property=\"article:published_time\" content=\"2022-08-26T11:00:43+00:00\" \/>\n<meta property=\"og:image\" content=\"https:\/\/romeuprenafeta.com\/wp-content\/uploads\/2025\/02\/WhatsApp-Image-2022-08-25-at-09.08.18-1.jpeg\" \/>\n\t<meta property=\"og:image:width\" content=\"1600\" \/>\n\t<meta property=\"og:image:height\" content=\"1200\" \/>\n\t<meta property=\"og:image:type\" content=\"image\/jpeg\" \/>\n<meta name=\"author\" content=\"eines\" \/>\n<meta name=\"twitter:card\" content=\"summary_large_image\" \/>\n<meta name=\"twitter:creator\" content=\"@RomeuPrenafeta_\" \/>\n<meta name=\"twitter:site\" content=\"@RomeuPrenafeta_\" \/>\n<meta name=\"twitter:label1\" content=\"Escrito por\" \/>\n\t<meta name=\"twitter:data1\" content=\"eines\" \/>\n\t<meta name=\"twitter:label2\" content=\"Tiempo de lectura\" \/>\n\t<meta name=\"twitter:data2\" content=\"3 minutos\" \/>\n<script type=\"application\/ld+json\" class=\"yoast-schema-graph\">{\"@context\":\"https:\/\/schema.org\",\"@graph\":[{\"@type\":\"Article\",\"@id\":\"https:\/\/romeuprenafeta.com\/es\/ahora-es-meta-business-suite-no-facebook\/#article\",\"isPartOf\":{\"@id\":\"https:\/\/romeuprenafeta.com\/es\/ahora-es-meta-business-suite-no-facebook\/\"},\"author\":{\"name\":\"eines\",\"@id\":\"https:\/\/romeuprenafeta.com\/es\/#\/schema\/person\/58ebbd086311a764da330543658884f1\"},\"headline\":\"Ahora es Meta Business Suite, no Facebook.\",\"datePublished\":\"2022-08-26T11:00:43+00:00\",\"mainEntityOfPage\":{\"@id\":\"https:\/\/romeuprenafeta.com\/es\/ahora-es-meta-business-suite-no-facebook\/\"},\"wordCount\":519,\"commentCount\":0,\"publisher\":{\"@id\":\"https:\/\/romeuprenafeta.com\/es\/#organization\"},\"image\":{\"@id\":\"https:\/\/romeuprenafeta.com\/es\/ahora-es-meta-business-suite-no-facebook\/#primaryimage\"},\"thumbnailUrl\":\"https:\/\/romeuprenafeta.com\/wp-content\/uploads\/2025\/02\/WhatsApp-Image-2022-08-25-at-09.08.18-1.jpeg\",\"keywords\":[\"comunicaci\u00f3n\",\"facebook\",\"marketing\",\"marketing digital\",\"meta\",\"redes sociales\",\"redes sociales\"],\"articleSection\":[\"Blog\",\"Noticias\"],\"inLanguage\":\"es\",\"potentialAction\":[{\"@type\":\"CommentAction\",\"name\":\"Comment\",\"target\":[\"https:\/\/romeuprenafeta.com\/es\/ahora-es-meta-business-suite-no-facebook\/#respond\"]}]},{\"@type\":\"WebPage\",\"@id\":\"https:\/\/romeuprenafeta.com\/es\/ahora-es-meta-business-suite-no-facebook\/\",\"url\":\"https:\/\/romeuprenafeta.com\/es\/ahora-es-meta-business-suite-no-facebook\/\",\"name\":\"Ahora es Meta Business Suite, no Facebook. | Romeu Prenafeta\",\"isPartOf\":{\"@id\":\"https:\/\/romeuprenafeta.com\/es\/#website\"},\"primaryImageOfPage\":{\"@id\":\"https:\/\/romeuprenafeta.com\/es\/ahora-es-meta-business-suite-no-facebook\/#primaryimage\"},\"image\":{\"@id\":\"https:\/\/romeuprenafeta.com\/es\/ahora-es-meta-business-suite-no-facebook\/#primaryimage\"},\"thumbnailUrl\":\"https:\/\/romeuprenafeta.com\/wp-content\/uploads\/2025\/02\/WhatsApp-Image-2022-08-25-at-09.08.18-1.jpeg\",\"datePublished\":\"2022-08-26T11:00:43+00:00\",\"breadcrumb\":{\"@id\":\"https:\/\/romeuprenafeta.com\/es\/ahora-es-meta-business-suite-no-facebook\/#breadcrumb\"},\"inLanguage\":\"es\",\"potentialAction\":[{\"@type\":\"ReadAction\",\"target\":[\"https:\/\/romeuprenafeta.com\/es\/ahora-es-meta-business-suite-no-facebook\/\"]}]},{\"@type\":\"ImageObject\",\"inLanguage\":\"es\",\"@id\":\"https:\/\/romeuprenafeta.com\/es\/ahora-es-meta-business-suite-no-facebook\/#primaryimage\",\"url\":\"https:\/\/romeuprenafeta.com\/wp-content\/uploads\/2025\/02\/WhatsApp-Image-2022-08-25-at-09.08.18-1.jpeg\",\"contentUrl\":\"https:\/\/romeuprenafeta.com\/wp-content\/uploads\/2025\/02\/WhatsApp-Image-2022-08-25-at-09.08.18-1.jpeg\",\"width\":1600,\"height\":1200},{\"@type\":\"BreadcrumbList\",\"@id\":\"https:\/\/romeuprenafeta.com\/es\/ahora-es-meta-business-suite-no-facebook\/#breadcrumb\",\"itemListElement\":[{\"@type\":\"ListItem\",\"position\":1,\"name\":\"Inici\",\"item\":\"https:\/\/romeuprenafeta.com\/es\/romeu-prenafeta\/\"},{\"@type\":\"ListItem\",\"position\":2,\"name\":\"Ahora es Meta Business Suite, no Facebook.\"}]},{\"@type\":\"WebSite\",\"@id\":\"https:\/\/romeuprenafeta.com\/es\/#website\",\"url\":\"https:\/\/romeuprenafeta.com\/es\/\",\"name\":\"Romeu Prenafeta\",\"description\":\"\",\"publisher\":{\"@id\":\"https:\/\/romeuprenafeta.com\/es\/#organization\"},\"potentialAction\":[{\"@type\":\"SearchAction\",\"target\":{\"@type\":\"EntryPoint\",\"urlTemplate\":\"https:\/\/romeuprenafeta.com\/es\/?s={search_term_string}\"},\"query-input\":{\"@type\":\"PropertyValueSpecification\",\"valueRequired\":true,\"valueName\":\"search_term_string\"}}],\"inLanguage\":\"es\"},{\"@type\":\"Organization\",\"@id\":\"https:\/\/romeuprenafeta.com\/es\/#organization\",\"name\":\"Romeu Prenafeta\",\"url\":\"https:\/\/romeuprenafeta.com\/es\/\",\"logo\":{\"@type\":\"ImageObject\",\"inLanguage\":\"es\",\"@id\":\"https:\/\/romeuprenafeta.com\/es\/#\/schema\/logo\/image\/\",\"url\":\"https:\/\/romeuprenafeta.com\/wp-content\/uploads\/2025\/06\/cropped-RP_2024_Logo-blanc-verd-2.png\",\"contentUrl\":\"https:\/\/romeuprenafeta.com\/wp-content\/uploads\/2025\/06\/cropped-RP_2024_Logo-blanc-verd-2.png\",\"width\":2351,\"height\":1357,\"caption\":\"Romeu Prenafeta\"},\"image\":{\"@id\":\"https:\/\/romeuprenafeta.com\/es\/#\/schema\/logo\/image\/\"},\"sameAs\":[\"https:\/\/www.facebook.com\/romeuprenafeta\",\"https:\/\/x.com\/RomeuPrenafeta_\",\"https:\/\/www.linkedin.com\/company\/romeu-prenafeta\",\"https:\/\/www.instagram.com\/romeuprenafeta\",\"https:\/\/www.youtube.com\/channel\/UCIYJP_52XR_qaQxfrS7twOw\",\"https:\/\/www.tiktok.com\/@romeuprenafeta\"]},{\"@type\":\"Person\",\"@id\":\"https:\/\/romeuprenafeta.com\/es\/#\/schema\/person\/58ebbd086311a764da330543658884f1\",\"name\":\"eines\",\"image\":{\"@type\":\"ImageObject\",\"inLanguage\":\"es\",\"@id\":\"https:\/\/romeuprenafeta.com\/es\/#\/schema\/person\/image\/\",\"url\":\"https:\/\/secure.gravatar.com\/avatar\/7f9ecc3e82781929ed0b61613ad3ffd0a1c9c9cad024227a318d136a4679cf9a?s=96&d=mm&r=g\",\"contentUrl\":\"https:\/\/secure.gravatar.com\/avatar\/7f9ecc3e82781929ed0b61613ad3ffd0a1c9c9cad024227a318d136a4679cf9a?s=96&d=mm&r=g\",\"caption\":\"eines\"},\"sameAs\":[\"https:\/\/romeuprenafeta.com\"],\"url\":\"https:\/\/romeuprenafeta.com\/es\/author\/eines\/\"}]}<\/script>\n<!-- \/ Yoast SEO plugin. -->","yoast_head_json":{"title":"Ahora es Meta Business Suite, no Facebook. | Romeu Prenafeta","robots":{"index":"index","follow":"follow","max-snippet":"max-snippet:-1","max-image-preview":"max-image-preview:large","max-video-preview":"max-video-preview:-1"},"canonical":"https:\/\/romeuprenafeta.com\/es\/ahora-es-meta-business-suite-no-facebook\/","og_locale":"es_ES","og_type":"article","og_title":"Ahora es Meta Business Suite, no Facebook. | Romeu Prenafeta","og_description":"Cada vez vivimos en un cambio constante, por eso Facebook tom\u00f3 la decisi\u00f3n de cambiar y pas\u00f3 a ser Meta, con el lema \u00abMetaverse first, not Facebook first\u00ab. Un cambio crucial que afecta el nombre de la compa\u00f1\u00eda, confirmado por Mark Zuckerberg, el inicio de una nueva etapa con herramientas innovadoras que afectan tanto a [&hellip;]","og_url":"https:\/\/romeuprenafeta.com\/es\/ahora-es-meta-business-suite-no-facebook\/","og_site_name":"Romeu Prenafeta","article_publisher":"https:\/\/www.facebook.com\/romeuprenafeta","article_published_time":"2022-08-26T11:00:43+00:00","og_image":[{"width":1600,"height":1200,"url":"https:\/\/romeuprenafeta.com\/wp-content\/uploads\/2025\/02\/WhatsApp-Image-2022-08-25-at-09.08.18-1.jpeg","type":"image\/jpeg"}],"author":"eines","twitter_card":"summary_large_image","twitter_creator":"@RomeuPrenafeta_","twitter_site":"@RomeuPrenafeta_","twitter_misc":{"Escrito por":"eines","Tiempo de lectura":"3 minutos"},"schema":{"@context":"https:\/\/schema.org","@graph":[{"@type":"Article","@id":"https:\/\/romeuprenafeta.com\/es\/ahora-es-meta-business-suite-no-facebook\/#article","isPartOf":{"@id":"https:\/\/romeuprenafeta.com\/es\/ahora-es-meta-business-suite-no-facebook\/"},"author":{"name":"eines","@id":"https:\/\/romeuprenafeta.com\/es\/#\/schema\/person\/58ebbd086311a764da330543658884f1"},"headline":"Ahora es Meta Business Suite, no Facebook.","datePublished":"2022-08-26T11:00:43+00:00","mainEntityOfPage":{"@id":"https:\/\/romeuprenafeta.com\/es\/ahora-es-meta-business-suite-no-facebook\/"},"wordCount":519,"commentCount":0,"publisher":{"@id":"https:\/\/romeuprenafeta.com\/es\/#organization"},"image":{"@id":"https:\/\/romeuprenafeta.com\/es\/ahora-es-meta-business-suite-no-facebook\/#primaryimage"},"thumbnailUrl":"https:\/\/romeuprenafeta.com\/wp-content\/uploads\/2025\/02\/WhatsApp-Image-2022-08-25-at-09.08.18-1.jpeg","keywords":["comunicaci\u00f3n","facebook","marketing","marketing digital","meta","redes sociales","redes sociales"],"articleSection":["Blog","Noticias"],"inLanguage":"es","potentialAction":[{"@type":"CommentAction","name":"Comment","target":["https:\/\/romeuprenafeta.com\/es\/ahora-es-meta-business-suite-no-facebook\/#respond"]}]},{"@type":"WebPage","@id":"https:\/\/romeuprenafeta.com\/es\/ahora-es-meta-business-suite-no-facebook\/","url":"https:\/\/romeuprenafeta.com\/es\/ahora-es-meta-business-suite-no-facebook\/","name":"Ahora es Meta Business Suite, no Facebook. | Romeu Prenafeta","isPartOf":{"@id":"https:\/\/romeuprenafeta.com\/es\/#website"},"primaryImageOfPage":{"@id":"https:\/\/romeuprenafeta.com\/es\/ahora-es-meta-business-suite-no-facebook\/#primaryimage"},"image":{"@id":"https:\/\/romeuprenafeta.com\/es\/ahora-es-meta-business-suite-no-facebook\/#primaryimage"},"thumbnailUrl":"https:\/\/romeuprenafeta.com\/wp-content\/uploads\/2025\/02\/WhatsApp-Image-2022-08-25-at-09.08.18-1.jpeg","datePublished":"2022-08-26T11:00:43+00:00","breadcrumb":{"@id":"https:\/\/romeuprenafeta.com\/es\/ahora-es-meta-business-suite-no-facebook\/#breadcrumb"},"inLanguage":"es","potentialAction":[{"@type":"ReadAction","target":["https:\/\/romeuprenafeta.com\/es\/ahora-es-meta-business-suite-no-facebook\/"]}]},{"@type":"ImageObject","inLanguage":"es","@id":"https:\/\/romeuprenafeta.com\/es\/ahora-es-meta-business-suite-no-facebook\/#primaryimage","url":"https:\/\/romeuprenafeta.com\/wp-content\/uploads\/2025\/02\/WhatsApp-Image-2022-08-25-at-09.08.18-1.jpeg","contentUrl":"https:\/\/romeuprenafeta.com\/wp-content\/uploads\/2025\/02\/WhatsApp-Image-2022-08-25-at-09.08.18-1.jpeg","width":1600,"height":1200},{"@type":"BreadcrumbList","@id":"https:\/\/romeuprenafeta.com\/es\/ahora-es-meta-business-suite-no-facebook\/#breadcrumb","itemListElement":[{"@type":"ListItem","position":1,"name":"Inici","item":"https:\/\/romeuprenafeta.com\/es\/romeu-prenafeta\/"},{"@type":"ListItem","position":2,"name":"Ahora es Meta Business Suite, no Facebook."}]},{"@type":"WebSite","@id":"https:\/\/romeuprenafeta.com\/es\/#website","url":"https:\/\/romeuprenafeta.com\/es\/","name":"Romeu Prenafeta","description":"","publisher":{"@id":"https:\/\/romeuprenafeta.com\/es\/#organization"},"potentialAction":[{"@type":"SearchAction","target":{"@type":"EntryPoint","urlTemplate":"https:\/\/romeuprenafeta.com\/es\/?s={search_term_string}"},"query-input":{"@type":"PropertyValueSpecification","valueRequired":true,"valueName":"search_term_string"}}],"inLanguage":"es"},{"@type":"Organization","@id":"https:\/\/romeuprenafeta.com\/es\/#organization","name":"Romeu Prenafeta","url":"https:\/\/romeuprenafeta.com\/es\/","logo":{"@type":"ImageObject","inLanguage":"es","@id":"https:\/\/romeuprenafeta.com\/es\/#\/schema\/logo\/image\/","url":"https:\/\/romeuprenafeta.com\/wp-content\/uploads\/2025\/06\/cropped-RP_2024_Logo-blanc-verd-2.png","contentUrl":"https:\/\/romeuprenafeta.com\/wp-content\/uploads\/2025\/06\/cropped-RP_2024_Logo-blanc-verd-2.png","width":2351,"height":1357,"caption":"Romeu Prenafeta"},"image":{"@id":"https:\/\/romeuprenafeta.com\/es\/#\/schema\/logo\/image\/"},"sameAs":["https:\/\/www.facebook.com\/romeuprenafeta","https:\/\/x.com\/RomeuPrenafeta_","https:\/\/www.linkedin.com\/company\/romeu-prenafeta","https:\/\/www.instagram.com\/romeuprenafeta","https:\/\/www.youtube.com\/channel\/UCIYJP_52XR_qaQxfrS7twOw","https:\/\/www.tiktok.com\/@romeuprenafeta"]},{"@type":"Person","@id":"https:\/\/romeuprenafeta.com\/es\/#\/schema\/person\/58ebbd086311a764da330543658884f1","name":"eines","image":{"@type":"ImageObject","inLanguage":"es","@id":"https:\/\/romeuprenafeta.com\/es\/#\/schema\/person\/image\/","url":"https:\/\/secure.gravatar.com\/avatar\/7f9ecc3e82781929ed0b61613ad3ffd0a1c9c9cad024227a318d136a4679cf9a?s=96&d=mm&r=g","contentUrl":"https:\/\/secure.gravatar.com\/avatar\/7f9ecc3e82781929ed0b61613ad3ffd0a1c9c9cad024227a318d136a4679cf9a?s=96&d=mm&r=g","caption":"eines"},"sameAs":["https:\/\/romeuprenafeta.com"],"url":"https:\/\/romeuprenafeta.com\/es\/author\/eines\/"}]}},"_links":{"self":[{"href":"https:\/\/romeuprenafeta.com\/es\/wp-json\/wp\/v2\/posts\/20945","targetHints":{"allow":["GET"]}}],"collection":[{"href":"https:\/\/romeuprenafeta.com\/es\/wp-json\/wp\/v2\/posts"}],"about":[{"href":"https:\/\/romeuprenafeta.com\/es\/wp-json\/wp\/v2\/types\/post"}],"author":[{"embeddable":true,"href":"https:\/\/romeuprenafeta.com\/es\/wp-json\/wp\/v2\/users\/1"}],"replies":[{"embeddable":true,"href":"https:\/\/romeuprenafeta.com\/es\/wp-json\/wp\/v2\/comments?post=20945"}],"version-history":[{"count":0,"href":"https:\/\/romeuprenafeta.com\/es\/wp-json\/wp\/v2\/posts\/20945\/revisions"}],"wp:featuredmedia":[{"embeddable":true,"href":"https:\/\/romeuprenafeta.com\/es\/wp-json\/wp\/v2\/media\/14267"}],"wp:attachment":[{"href":"https:\/\/romeuprenafeta.com\/es\/wp-json\/wp\/v2\/media?parent=20945"}],"wp:term":[{"taxonomy":"category","embeddable":true,"href":"https:\/\/romeuprenafeta.com\/es\/wp-json\/wp\/v2\/categories?post=20945"},{"taxonomy":"post_tag","embeddable":true,"href":"https:\/\/romeuprenafeta.com\/es\/wp-json\/wp\/v2\/tags?post=20945"}],"curies":[{"name":"wp","href":"https:\/\/api.w.org\/{rel}","templated":true}]}}