{"id":20943,"date":"2022-09-08T11:18:49","date_gmt":"2022-09-08T11:18:49","guid":{"rendered":"https:\/\/romeuprenafeta.com\/organizar-una-sesion-de-fotos-de-producto\/"},"modified":"2022-09-08T11:18:49","modified_gmt":"2022-09-08T11:18:49","slug":"organizar-una-sesion-de-fotos-de-producto","status":"publish","type":"post","link":"https:\/\/romeuprenafeta.com\/es\/organizar-una-sesion-de-fotos-de-producto\/","title":{"rendered":"Organizar una sesi\u00f3n de fotos de producto<br><br>"},"content":{"rendered":"<p>Para la buena comunicaci\u00f3n de cualquier marca y vender tu producto, se debe tener en cuenta uno de los factores m\u00e1s importantes: la imagen que queremos proyectar y las fotograf\u00edas que la acompa\u00f1an.<\/p>\n<h4><strong>Una buena imagen har\u00e1 que la marca sea atractiva, generando inter\u00e9s en posibles usuarios de calidad y futuros clientes.<\/p>\n<p><\/strong><\/h4>\n<p>Siempre podemos comprar fotograf\u00edas utilizando p\u00e1ginas destinadas a esta finalidad, como <a href=\"https:\/\/stock.adobe.com\/es\/\">Adobe Stock <\/a>o <a href=\"https:\/\/www.shutterstock.com\/es\/\">Shutterstock<\/a>. Tambi\u00e9n hay gratuitas, como <a href=\"https:\/\/pixabay.com\/es\/\">Pixabay <\/a>o <a href=\"https:\/\/www.pexels.com\/es-es\/\">Pexels<\/a>, pero debemos vigilar los derechos de autor de estas \u00faltimas.<\/p>\n<p>Pero la mejor manera de captar la atenci\u00f3n es utilizando im\u00e1genes propias que transmitan los valores de la marca y as\u00ed mostrar todo el potencial del producto que ofrece.<\/p>\n<p>Pues bien, hoy quiero contaros c\u00f3mo organizarse para realizar una sesi\u00f3n de fotos de producto.<\/p>\n<ul>\n<li>Para empezar, debemos ver qu\u00e9 <strong>tipo de fotograf\u00edas necesitamos:<\/strong> producto solo, bodegones, productos en la naturaleza, acompa\u00f1ados de personas o animales\u2026 Para hacer una lista bien cuidada, nos ser\u00e1 de mucha utilidad buscar ejemplos y observar qu\u00e9 hace la competencia.<\/li>\n<li>Una vez tengamos claro el tipo de fotograf\u00eda que haremos, debemos hacer una <strong>lista del material que nos ser\u00e1 \u00fatil.<\/strong> Piensa en todo el atrezo que quieres que aparezca en la fotograf\u00eda y, mi consejo, ve m\u00e1s all\u00e1 de lo que se ver\u00e1. \u00bfQu\u00e9 quiero decir con esto? Pues, por ejemplo, si el producto a fotografiar es comida, debemos tener en cuenta que necesitaremos una tabla de cortar, cuchillos, pa\u00f1os, productos de limpieza, boles o tuppers para guardar, un spray para humidificar los alimentos y hacerlos m\u00e1s atractivos\u2026  <\/li>\n<li>Ahora es hora de <strong>cargar las bater\u00edas de la c\u00e1mara y preparar el espacio y el material que necesitaremos.<\/strong> Nos ser\u00e1n muy \u00fatiles unos focos para iluminar bien el set de fotograf\u00eda, contar con diferentes fondos para no ser muy repetitivos y un tr\u00edpode para sujetar la c\u00e1mara. Tambi\u00e9n hay que tener en cuenta que si queremos hacer la sesi\u00f3n fotogr\u00e1fica en el exterior, previamente debemos observar el lugar para determinar a qu\u00e9 hora del d\u00eda nos interesa m\u00e1s la luz.\n<\/li>\n<\/ul>\n<h4>Ha llegado el d\u00eda, productos listos, set de fotograf\u00eda montado y todo el material y atrezo preparado. \u00bfPor d\u00f3nde empezamos? <\/h4>\n<p>Es importante no agobiarse, agrupa aquellas fotograf\u00edas que sean similares y as\u00ed ahorrar\u00e1s tiempo, descarta el material que finalmente no vayas a usar para no confundirte y d\u00e9jate llevar por tu imaginaci\u00f3n.<\/p>\n<p>Por \u00faltimo, comentar que es importante que las fotograf\u00edas que hagas sean lo m\u00e1s limpias posible, si no perder\u00e1s tiempo y nervios edit\u00e1ndolas en Photoshop. \u00bfQu\u00e9 significa esto? Pues evita que el producto est\u00e9 en mal estado, que haya manchas, arrugas, sombras no deseadas&#8230;  <\/p>\n<p>\u00a1Seguro que si planificas la sesi\u00f3n de fotos con tiempo y te organizas a la hora de hacerlas, conseguir\u00e1s fotograf\u00edas muy bonitas!<\/p>\n<p>Si quieres m\u00e1s consejos, no dudes en seguirnos en <span data-contrast=\"none\"><a href=\"https:\/\/www.linkedin.com\/company\/romeu-prenafeta\/\" target=\"_blank\" rel=\"noopener\">LinkedIn<\/a>, <a href=\"https:\/\/www.instagram.com\/romeuprenafeta\/\" target=\"_blank\" rel=\"noopener\">Instagram<\/a>, <a href=\"https:\/\/twitter.com\/romeuprenafeta_?lang=ca\" target=\"_blank\" rel=\"noopener\">Twitter <\/a>y <a href=\"https:\/\/www.facebook.com\/romeuprenafeta\" target=\"_blank\" rel=\"noopener\">Facebook <\/a>o bien <a href=\"https:\/\/romeuprenafeta.com\/es\/contacta\/\">contacta con nosotros.<\/a><\/span><\/p>\n<p>&nbsp;<\/p>\n<p>&nbsp;<\/p>\n","protected":false},"excerpt":{"rendered":"<p>Para la buena comunicaci\u00f3n de cualquier marca y vender tu producto, se debe tener en cuenta uno de los factores m\u00e1s importantes: la imagen que queremos proyectar y las fotograf\u00edas que la acompa\u00f1an. Una buena imagen har\u00e1 que la marca sea atractiva, generando inter\u00e9s en posibles usuarios de calidad y futuros clientes. Siempre podemos comprar [&hellip;]<\/p>\n","protected":false},"author":31,"featured_media":15072,"comment_status":"open","ping_status":"open","sticky":false,"template":"","format":"standard","meta":{"footnotes":""},"categories":[273,274,286],"tags":[275,320,276,277,287,321,298,322],"class_list":["post-20943","post","type-post","status-publish","format-standard","has-post-thumbnail","hentry","category-blog-es","category-formacion-socialtraining","category-noticias","tag-branding-es","tag-instagram-es","tag-marketing-es","tag-marketing-digital-es","tag-marketing-digital-es-2","tag-producto","tag-publicidad","tag-sesion-de-fotos-es"],"yoast_head":"<!-- This site is optimized with the Yoast SEO plugin v26.4 - https:\/\/yoast.com\/wordpress\/plugins\/seo\/ -->\n<title>Organizar una sesi\u00f3n de fotos de producto | Romeu Prenafeta<\/title>\n<meta name=\"robots\" content=\"index, follow, max-snippet:-1, max-image-preview:large, max-video-preview:-1\" \/>\n<link rel=\"canonical\" href=\"https:\/\/romeuprenafeta.com\/es\/organizar-una-sesion-de-fotos-de-producto\/\" \/>\n<meta property=\"og:locale\" content=\"es_ES\" \/>\n<meta property=\"og:type\" content=\"article\" \/>\n<meta property=\"og:title\" content=\"Organizar una sesi\u00f3n de fotos de producto | Romeu Prenafeta\" \/>\n<meta property=\"og:description\" content=\"Para la buena comunicaci\u00f3n de cualquier marca y vender tu producto, se debe tener en cuenta uno de los factores m\u00e1s importantes: la imagen que queremos proyectar y las fotograf\u00edas que la acompa\u00f1an. Una buena imagen har\u00e1 que la marca sea atractiva, generando inter\u00e9s en posibles usuarios de calidad y futuros clientes. Siempre podemos comprar [&hellip;]\" \/>\n<meta property=\"og:url\" content=\"https:\/\/romeuprenafeta.com\/es\/organizar-una-sesion-de-fotos-de-producto\/\" \/>\n<meta property=\"og:site_name\" content=\"Romeu Prenafeta\" \/>\n<meta property=\"article:publisher\" content=\"https:\/\/www.facebook.com\/romeuprenafeta\" \/>\n<meta property=\"article:published_time\" content=\"2022-09-08T11:18:49+00:00\" \/>\n<meta property=\"og:image\" content=\"https:\/\/romeuprenafeta.com\/wp-content\/uploads\/2022\/09\/RP_220805_Blog-scaled.jpg\" \/>\n\t<meta property=\"og:image:width\" content=\"2560\" \/>\n\t<meta property=\"og:image:height\" content=\"1408\" \/>\n\t<meta property=\"og:image:type\" content=\"image\/jpeg\" \/>\n<meta name=\"author\" content=\"Meri Mina\" \/>\n<meta name=\"twitter:card\" content=\"summary_large_image\" \/>\n<meta name=\"twitter:creator\" content=\"@RomeuPrenafeta_\" \/>\n<meta name=\"twitter:site\" content=\"@RomeuPrenafeta_\" \/>\n<meta name=\"twitter:label1\" content=\"Escrito por\" \/>\n\t<meta name=\"twitter:data1\" content=\"Meri Mina\" \/>\n\t<meta name=\"twitter:label2\" content=\"Tiempo de lectura\" \/>\n\t<meta name=\"twitter:data2\" content=\"3 minutos\" \/>\n<script type=\"application\/ld+json\" class=\"yoast-schema-graph\">{\"@context\":\"https:\/\/schema.org\",\"@graph\":[{\"@type\":\"Article\",\"@id\":\"https:\/\/romeuprenafeta.com\/es\/organizar-una-sesion-de-fotos-de-producto\/#article\",\"isPartOf\":{\"@id\":\"https:\/\/romeuprenafeta.com\/es\/organizar-una-sesion-de-fotos-de-producto\/\"},\"author\":{\"name\":\"Meri Mina\",\"@id\":\"https:\/\/romeuprenafeta.com\/es\/#\/schema\/person\/04671477156f1febf252754bc30bfa42\"},\"headline\":\"Organizar una sesi\u00f3n de fotos de producto\",\"datePublished\":\"2022-09-08T11:18:49+00:00\",\"mainEntityOfPage\":{\"@id\":\"https:\/\/romeuprenafeta.com\/es\/organizar-una-sesion-de-fotos-de-producto\/\"},\"wordCount\":529,\"commentCount\":0,\"publisher\":{\"@id\":\"https:\/\/romeuprenafeta.com\/es\/#organization\"},\"image\":{\"@id\":\"https:\/\/romeuprenafeta.com\/es\/organizar-una-sesion-de-fotos-de-producto\/#primaryimage\"},\"thumbnailUrl\":\"https:\/\/romeuprenafeta.com\/wp-content\/uploads\/2022\/09\/RP_220805_Blog-scaled.jpg\",\"keywords\":[\"branding\",\"instagram\",\"marketing\",\"marketing digital\",\"marketing digital\",\"producto\",\"publicidad\",\"sesi\u00f3n de fotos\"],\"articleSection\":[\"Blog\",\"Formaci\u00f3n #SocialTraining\",\"Noticias\"],\"inLanguage\":\"es\",\"potentialAction\":[{\"@type\":\"CommentAction\",\"name\":\"Comment\",\"target\":[\"https:\/\/romeuprenafeta.com\/es\/organizar-una-sesion-de-fotos-de-producto\/#respond\"]}]},{\"@type\":\"WebPage\",\"@id\":\"https:\/\/romeuprenafeta.com\/es\/organizar-una-sesion-de-fotos-de-producto\/\",\"url\":\"https:\/\/romeuprenafeta.com\/es\/organizar-una-sesion-de-fotos-de-producto\/\",\"name\":\"Organizar una sesi\u00f3n de fotos de producto | Romeu Prenafeta\",\"isPartOf\":{\"@id\":\"https:\/\/romeuprenafeta.com\/es\/#website\"},\"primaryImageOfPage\":{\"@id\":\"https:\/\/romeuprenafeta.com\/es\/organizar-una-sesion-de-fotos-de-producto\/#primaryimage\"},\"image\":{\"@id\":\"https:\/\/romeuprenafeta.com\/es\/organizar-una-sesion-de-fotos-de-producto\/#primaryimage\"},\"thumbnailUrl\":\"https:\/\/romeuprenafeta.com\/wp-content\/uploads\/2022\/09\/RP_220805_Blog-scaled.jpg\",\"datePublished\":\"2022-09-08T11:18:49+00:00\",\"breadcrumb\":{\"@id\":\"https:\/\/romeuprenafeta.com\/es\/organizar-una-sesion-de-fotos-de-producto\/#breadcrumb\"},\"inLanguage\":\"es\",\"potentialAction\":[{\"@type\":\"ReadAction\",\"target\":[\"https:\/\/romeuprenafeta.com\/es\/organizar-una-sesion-de-fotos-de-producto\/\"]}]},{\"@type\":\"ImageObject\",\"inLanguage\":\"es\",\"@id\":\"https:\/\/romeuprenafeta.com\/es\/organizar-una-sesion-de-fotos-de-producto\/#primaryimage\",\"url\":\"https:\/\/romeuprenafeta.com\/wp-content\/uploads\/2022\/09\/RP_220805_Blog-scaled.jpg\",\"contentUrl\":\"https:\/\/romeuprenafeta.com\/wp-content\/uploads\/2022\/09\/RP_220805_Blog-scaled.jpg\",\"width\":2560,\"height\":1408},{\"@type\":\"BreadcrumbList\",\"@id\":\"https:\/\/romeuprenafeta.com\/es\/organizar-una-sesion-de-fotos-de-producto\/#breadcrumb\",\"itemListElement\":[{\"@type\":\"ListItem\",\"position\":1,\"name\":\"Inici\",\"item\":\"https:\/\/romeuprenafeta.com\/es\/romeu-prenafeta\/\"},{\"@type\":\"ListItem\",\"position\":2,\"name\":\"Organizar una sesi\u00f3n de fotos de producto\"}]},{\"@type\":\"WebSite\",\"@id\":\"https:\/\/romeuprenafeta.com\/es\/#website\",\"url\":\"https:\/\/romeuprenafeta.com\/es\/\",\"name\":\"Romeu Prenafeta\",\"description\":\"\",\"publisher\":{\"@id\":\"https:\/\/romeuprenafeta.com\/es\/#organization\"},\"potentialAction\":[{\"@type\":\"SearchAction\",\"target\":{\"@type\":\"EntryPoint\",\"urlTemplate\":\"https:\/\/romeuprenafeta.com\/es\/?s={search_term_string}\"},\"query-input\":{\"@type\":\"PropertyValueSpecification\",\"valueRequired\":true,\"valueName\":\"search_term_string\"}}],\"inLanguage\":\"es\"},{\"@type\":\"Organization\",\"@id\":\"https:\/\/romeuprenafeta.com\/es\/#organization\",\"name\":\"Romeu Prenafeta\",\"url\":\"https:\/\/romeuprenafeta.com\/es\/\",\"logo\":{\"@type\":\"ImageObject\",\"inLanguage\":\"es\",\"@id\":\"https:\/\/romeuprenafeta.com\/es\/#\/schema\/logo\/image\/\",\"url\":\"https:\/\/romeuprenafeta.com\/wp-content\/uploads\/2025\/06\/cropped-RP_2024_Logo-blanc-verd-2.png\",\"contentUrl\":\"https:\/\/romeuprenafeta.com\/wp-content\/uploads\/2025\/06\/cropped-RP_2024_Logo-blanc-verd-2.png\",\"width\":2351,\"height\":1357,\"caption\":\"Romeu Prenafeta\"},\"image\":{\"@id\":\"https:\/\/romeuprenafeta.com\/es\/#\/schema\/logo\/image\/\"},\"sameAs\":[\"https:\/\/www.facebook.com\/romeuprenafeta\",\"https:\/\/x.com\/RomeuPrenafeta_\",\"https:\/\/www.linkedin.com\/company\/romeu-prenafeta\",\"https:\/\/www.instagram.com\/romeuprenafeta\",\"https:\/\/www.youtube.com\/channel\/UCIYJP_52XR_qaQxfrS7twOw\",\"https:\/\/www.tiktok.com\/@romeuprenafeta\"]},{\"@type\":\"Person\",\"@id\":\"https:\/\/romeuprenafeta.com\/es\/#\/schema\/person\/04671477156f1febf252754bc30bfa42\",\"name\":\"Meri Mina\",\"image\":{\"@type\":\"ImageObject\",\"inLanguage\":\"es\",\"@id\":\"https:\/\/romeuprenafeta.com\/es\/#\/schema\/person\/image\/\",\"url\":\"https:\/\/secure.gravatar.com\/avatar\/68b0c13c977a7d84bb62f0bd6f6a9b079fa43d795ed9eb38ce4f3351a124af42?s=96&d=mm&r=g\",\"contentUrl\":\"https:\/\/secure.gravatar.com\/avatar\/68b0c13c977a7d84bb62f0bd6f6a9b079fa43d795ed9eb38ce4f3351a124af42?s=96&d=mm&r=g\",\"caption\":\"Meri Mina\"},\"url\":\"https:\/\/romeuprenafeta.com\/es\/author\/meri-mina\/\"}]}<\/script>\n<!-- \/ Yoast SEO plugin. -->","yoast_head_json":{"title":"Organizar una sesi\u00f3n de fotos de producto | Romeu Prenafeta","robots":{"index":"index","follow":"follow","max-snippet":"max-snippet:-1","max-image-preview":"max-image-preview:large","max-video-preview":"max-video-preview:-1"},"canonical":"https:\/\/romeuprenafeta.com\/es\/organizar-una-sesion-de-fotos-de-producto\/","og_locale":"es_ES","og_type":"article","og_title":"Organizar una sesi\u00f3n de fotos de producto | Romeu Prenafeta","og_description":"Para la buena comunicaci\u00f3n de cualquier marca y vender tu producto, se debe tener en cuenta uno de los factores m\u00e1s importantes: la imagen que queremos proyectar y las fotograf\u00edas que la acompa\u00f1an. Una buena imagen har\u00e1 que la marca sea atractiva, generando inter\u00e9s en posibles usuarios de calidad y futuros clientes. Siempre podemos comprar [&hellip;]","og_url":"https:\/\/romeuprenafeta.com\/es\/organizar-una-sesion-de-fotos-de-producto\/","og_site_name":"Romeu Prenafeta","article_publisher":"https:\/\/www.facebook.com\/romeuprenafeta","article_published_time":"2022-09-08T11:18:49+00:00","og_image":[{"width":2560,"height":1408,"url":"https:\/\/romeuprenafeta.com\/wp-content\/uploads\/2022\/09\/RP_220805_Blog-scaled.jpg","type":"image\/jpeg"}],"author":"Meri Mina","twitter_card":"summary_large_image","twitter_creator":"@RomeuPrenafeta_","twitter_site":"@RomeuPrenafeta_","twitter_misc":{"Escrito por":"Meri Mina","Tiempo de lectura":"3 minutos"},"schema":{"@context":"https:\/\/schema.org","@graph":[{"@type":"Article","@id":"https:\/\/romeuprenafeta.com\/es\/organizar-una-sesion-de-fotos-de-producto\/#article","isPartOf":{"@id":"https:\/\/romeuprenafeta.com\/es\/organizar-una-sesion-de-fotos-de-producto\/"},"author":{"name":"Meri Mina","@id":"https:\/\/romeuprenafeta.com\/es\/#\/schema\/person\/04671477156f1febf252754bc30bfa42"},"headline":"Organizar una sesi\u00f3n de fotos de producto","datePublished":"2022-09-08T11:18:49+00:00","mainEntityOfPage":{"@id":"https:\/\/romeuprenafeta.com\/es\/organizar-una-sesion-de-fotos-de-producto\/"},"wordCount":529,"commentCount":0,"publisher":{"@id":"https:\/\/romeuprenafeta.com\/es\/#organization"},"image":{"@id":"https:\/\/romeuprenafeta.com\/es\/organizar-una-sesion-de-fotos-de-producto\/#primaryimage"},"thumbnailUrl":"https:\/\/romeuprenafeta.com\/wp-content\/uploads\/2022\/09\/RP_220805_Blog-scaled.jpg","keywords":["branding","instagram","marketing","marketing digital","marketing digital","producto","publicidad","sesi\u00f3n de fotos"],"articleSection":["Blog","Formaci\u00f3n #SocialTraining","Noticias"],"inLanguage":"es","potentialAction":[{"@type":"CommentAction","name":"Comment","target":["https:\/\/romeuprenafeta.com\/es\/organizar-una-sesion-de-fotos-de-producto\/#respond"]}]},{"@type":"WebPage","@id":"https:\/\/romeuprenafeta.com\/es\/organizar-una-sesion-de-fotos-de-producto\/","url":"https:\/\/romeuprenafeta.com\/es\/organizar-una-sesion-de-fotos-de-producto\/","name":"Organizar una sesi\u00f3n de fotos de producto | Romeu Prenafeta","isPartOf":{"@id":"https:\/\/romeuprenafeta.com\/es\/#website"},"primaryImageOfPage":{"@id":"https:\/\/romeuprenafeta.com\/es\/organizar-una-sesion-de-fotos-de-producto\/#primaryimage"},"image":{"@id":"https:\/\/romeuprenafeta.com\/es\/organizar-una-sesion-de-fotos-de-producto\/#primaryimage"},"thumbnailUrl":"https:\/\/romeuprenafeta.com\/wp-content\/uploads\/2022\/09\/RP_220805_Blog-scaled.jpg","datePublished":"2022-09-08T11:18:49+00:00","breadcrumb":{"@id":"https:\/\/romeuprenafeta.com\/es\/organizar-una-sesion-de-fotos-de-producto\/#breadcrumb"},"inLanguage":"es","potentialAction":[{"@type":"ReadAction","target":["https:\/\/romeuprenafeta.com\/es\/organizar-una-sesion-de-fotos-de-producto\/"]}]},{"@type":"ImageObject","inLanguage":"es","@id":"https:\/\/romeuprenafeta.com\/es\/organizar-una-sesion-de-fotos-de-producto\/#primaryimage","url":"https:\/\/romeuprenafeta.com\/wp-content\/uploads\/2022\/09\/RP_220805_Blog-scaled.jpg","contentUrl":"https:\/\/romeuprenafeta.com\/wp-content\/uploads\/2022\/09\/RP_220805_Blog-scaled.jpg","width":2560,"height":1408},{"@type":"BreadcrumbList","@id":"https:\/\/romeuprenafeta.com\/es\/organizar-una-sesion-de-fotos-de-producto\/#breadcrumb","itemListElement":[{"@type":"ListItem","position":1,"name":"Inici","item":"https:\/\/romeuprenafeta.com\/es\/romeu-prenafeta\/"},{"@type":"ListItem","position":2,"name":"Organizar una sesi\u00f3n de fotos de producto"}]},{"@type":"WebSite","@id":"https:\/\/romeuprenafeta.com\/es\/#website","url":"https:\/\/romeuprenafeta.com\/es\/","name":"Romeu Prenafeta","description":"","publisher":{"@id":"https:\/\/romeuprenafeta.com\/es\/#organization"},"potentialAction":[{"@type":"SearchAction","target":{"@type":"EntryPoint","urlTemplate":"https:\/\/romeuprenafeta.com\/es\/?s={search_term_string}"},"query-input":{"@type":"PropertyValueSpecification","valueRequired":true,"valueName":"search_term_string"}}],"inLanguage":"es"},{"@type":"Organization","@id":"https:\/\/romeuprenafeta.com\/es\/#organization","name":"Romeu Prenafeta","url":"https:\/\/romeuprenafeta.com\/es\/","logo":{"@type":"ImageObject","inLanguage":"es","@id":"https:\/\/romeuprenafeta.com\/es\/#\/schema\/logo\/image\/","url":"https:\/\/romeuprenafeta.com\/wp-content\/uploads\/2025\/06\/cropped-RP_2024_Logo-blanc-verd-2.png","contentUrl":"https:\/\/romeuprenafeta.com\/wp-content\/uploads\/2025\/06\/cropped-RP_2024_Logo-blanc-verd-2.png","width":2351,"height":1357,"caption":"Romeu Prenafeta"},"image":{"@id":"https:\/\/romeuprenafeta.com\/es\/#\/schema\/logo\/image\/"},"sameAs":["https:\/\/www.facebook.com\/romeuprenafeta","https:\/\/x.com\/RomeuPrenafeta_","https:\/\/www.linkedin.com\/company\/romeu-prenafeta","https:\/\/www.instagram.com\/romeuprenafeta","https:\/\/www.youtube.com\/channel\/UCIYJP_52XR_qaQxfrS7twOw","https:\/\/www.tiktok.com\/@romeuprenafeta"]},{"@type":"Person","@id":"https:\/\/romeuprenafeta.com\/es\/#\/schema\/person\/04671477156f1febf252754bc30bfa42","name":"Meri Mina","image":{"@type":"ImageObject","inLanguage":"es","@id":"https:\/\/romeuprenafeta.com\/es\/#\/schema\/person\/image\/","url":"https:\/\/secure.gravatar.com\/avatar\/68b0c13c977a7d84bb62f0bd6f6a9b079fa43d795ed9eb38ce4f3351a124af42?s=96&d=mm&r=g","contentUrl":"https:\/\/secure.gravatar.com\/avatar\/68b0c13c977a7d84bb62f0bd6f6a9b079fa43d795ed9eb38ce4f3351a124af42?s=96&d=mm&r=g","caption":"Meri Mina"},"url":"https:\/\/romeuprenafeta.com\/es\/author\/meri-mina\/"}]}},"_links":{"self":[{"href":"https:\/\/romeuprenafeta.com\/es\/wp-json\/wp\/v2\/posts\/20943","targetHints":{"allow":["GET"]}}],"collection":[{"href":"https:\/\/romeuprenafeta.com\/es\/wp-json\/wp\/v2\/posts"}],"about":[{"href":"https:\/\/romeuprenafeta.com\/es\/wp-json\/wp\/v2\/types\/post"}],"author":[{"embeddable":true,"href":"https:\/\/romeuprenafeta.com\/es\/wp-json\/wp\/v2\/users\/31"}],"replies":[{"embeddable":true,"href":"https:\/\/romeuprenafeta.com\/es\/wp-json\/wp\/v2\/comments?post=20943"}],"version-history":[{"count":0,"href":"https:\/\/romeuprenafeta.com\/es\/wp-json\/wp\/v2\/posts\/20943\/revisions"}],"wp:featuredmedia":[{"embeddable":true,"href":"https:\/\/romeuprenafeta.com\/es\/wp-json\/wp\/v2\/media\/15072"}],"wp:attachment":[{"href":"https:\/\/romeuprenafeta.com\/es\/wp-json\/wp\/v2\/media?parent=20943"}],"wp:term":[{"taxonomy":"category","embeddable":true,"href":"https:\/\/romeuprenafeta.com\/es\/wp-json\/wp\/v2\/categories?post=20943"},{"taxonomy":"post_tag","embeddable":true,"href":"https:\/\/romeuprenafeta.com\/es\/wp-json\/wp\/v2\/tags?post=20943"}],"curies":[{"name":"wp","href":"https:\/\/api.w.org\/{rel}","templated":true}]}}