{"id":20942,"date":"2022-09-16T13:05:59","date_gmt":"2022-09-16T13:05:59","guid":{"rendered":"https:\/\/romeuprenafeta.com\/uso-de-imagenes-y-derechos-de-autor\/"},"modified":"2022-09-16T13:05:59","modified_gmt":"2022-09-16T13:05:59","slug":"uso-de-imagenes-y-derechos-de-autor","status":"publish","type":"post","link":"https:\/\/romeuprenafeta.com\/es\/uso-de-imagenes-y-derechos-de-autor\/","title":{"rendered":"Uso de im\u00e1genes y derechos de autor"},"content":{"rendered":"<h4><strong>Un factor muy importante a la hora de comunicar nuestra marca son las fotograf\u00edas que la acompa\u00f1an. Por eso, hay que tener cuidado con las im\u00e1genes que utilizamos, ya que estas har\u00e1n que nuestra marca resulte m\u00e1s o menos atractiva para los usuarios y posibles clientes. Podemos usar fotograf\u00edas de bancos de im\u00e1genes o bien organizar una sesi\u00f3n de fotos propia, tal como explica Meri <a href=\"https:\/\/romeuprenafeta.com\/organitzar-sessio-fotografia-producte\/\" target=\"_blank\" rel=\"noopener\">aqu\u00ed<\/a>. Si decides utilizar fotograf\u00edas de Internet, es esencial tener en cuenta los derechos de autor de las mismas.   <\/strong><\/h4>\n<p>En Internet, es muy habitual encontrarnos con sitios web o perfiles de redes sociales que publican fotograf\u00edas descargadas de la biblioteca de Google o copiadas de otras p\u00e1ginas, sin tener en cuenta los t\u00e9rminos legales ni conocer los derechos de autor de esas im\u00e1genes. Pero, \u00bfqu\u00e9 son los derechos de autor?<\/p>\n<p>Los <strong>derechos de autor<\/strong> son el conjunto de normas jur\u00eddicas que garantizan la propiedad intelectual que la legislaci\u00f3n otorga al creador de una obra de cualquier tipo. Podemos encontrar tres casos principales: vigencia de copyright, im\u00e1genes de dominio p\u00fablico y Creative Commons. <\/p>\n<p><strong>Vigencia del copyright:<\/strong><br \/>\nCabe destacar que los derechos de autor se generan autom\u00e1ticamente, es decir, no se necesita ninguna inscripci\u00f3n en un registro, sino que nacen con la creaci\u00f3n de la obra. El copyright tiene una variante muy relacionada: el <strong><span class=\"hiddenSpellError\">Copyleft<\/span><\/strong>. Este es un tipo de derecho de autor que permite la alteraci\u00f3n de una obra y la libre distribuci\u00f3n de sus copias, pero que tambi\u00e9n garantiza los mismos derechos libres para las versiones modificadas. Se pueden utilizar de acuerdo con las condiciones que el autor solicita, como reconocimiento o enlace.   <\/p>\n<p><strong>Im\u00e1genes de dominio p\u00fablico:<\/strong><br \/>\nCuando las creaciones terminan su per\u00edodo de protecci\u00f3n otorgado por los derechos de autor, las obras pasan al dominio p\u00fablico. En ese momento, pueden ser utilizadas sin permiso, pero sin olvidar que al copiarlas, editarlas o adaptarlas se crea una obra derivada que estar\u00e1 protegida. <\/p>\n<p><strong>Licencia Creative Commons (CC):<\/strong><br \/>\nEstas licencias fueron publicadas en 2002 por <a href=\"https:\/\/creativecommons.org\/licenses\/?lang=es_ES\" target=\"_blank\" rel=\"noopener\">Creative Commons<\/a>, una corporaci\u00f3n sin \u00e1nimo de lucro formada en 2001 en Estados Unidos. Su finalidad es que autores y creadores puedan compartir voluntariamente sus obras con herramientas libres, pero manteniendo ciertos derechos seg\u00fan la licencia elegida. Existen hasta <strong>7 tipos diferentes de licencias:<\/strong> CC BY, CC BY-SA, CC BY-ND, CC BY-NC, CC BY-NC-SA, CC BY-NC-ND.  <\/p>\n<p>Entonces, \u00bfqu\u00e9 fotos puedes <span class=\"hiddenGreenError\" style=\"padding-bottom: 2px;background-image: url('..\/..\/..\/..\/..\/images\/squiggle_green.png');background-position: left bottom;cursor: default;color: #000000;font-family: 'Open Sans', Helvetica, Arial, sans-serif;font-size: 16px;font-style: normal;font-weight: 300;letter-spacing: normal;text-align: start;text-indent: 0px;text-transform: none\">usar <\/span>libremente seg\u00fan sus derechos de autor o la licencia Creative Commons?<\/p>\n<p>Si no quieres preocuparte por si vas a hacer un uso comercial o transformar una imagen original, debes limitarte a utilizar contenido visual de obras de dominio p\u00fablico o con licencias CC0 o CC <span class=\"hiddenSpellError\">BY<\/span>. En este \u00faltimo caso, recuerda siempre reconocer la fuente y la autor\u00eda. Si no, puedes dirigirte a sitios web donde venden im\u00e1genes y adquirir el derecho de uso de las fotograf\u00edas o archivos bajo las condiciones establecidas.  <\/p>\n<p>\u00bfTe ha resultado \u00fatil este post? Si es as\u00ed, no dudes en compartirlo con quien creas que le pueda parecer interesante. Para saber m\u00e1s o si tienes dudas, com\u00e9ntamelo, estar\u00e9 encantada de responderte. Puedes contactarme en <a href=\"https:\/\/www.linkedin.com\/in\/aida-andr%C3%A9s-076322146\/\" target=\"_blank\" rel=\"noopener\">mi perfil de LinkedIn<\/a> y seguir nuestros canales sociales en <a href=\"https:\/\/www.linkedin.com\/company\/1980038\/admin\/\" target=\"_blank\" rel=\"noopener\">esta misma red<\/a>, en <a href=\"https:\/\/www.instagram.com\/romeuprenafeta\/\" target=\"_blank\" rel=\"noopener\">Instagram<\/a>, <a href=\"https:\/\/twitter.com\/RomeuPrenafeta_\" target=\"_blank\" rel=\"noopener\">Twitter <\/a>y <a href=\"https:\/\/www.facebook.com\/romeuprenafeta\/\" target=\"_blank\" rel=\"noopener\">Facebook<\/a>.   <\/p>\n","protected":false},"excerpt":{"rendered":"<p>Un factor muy importante a la hora de comunicar nuestra marca son las fotograf\u00edas que la acompa\u00f1an. Por eso, hay que tener cuidado con las im\u00e1genes que utilizamos, ya que estas har\u00e1n que nuestra marca resulte m\u00e1s o menos atractiva para los usuarios y posibles clientes. Podemos usar fotograf\u00edas de bancos de im\u00e1genes o bien [&hellip;]<\/p>\n","protected":false},"author":1,"featured_media":15088,"comment_status":"open","ping_status":"open","sticky":false,"template":"","format":"standard","meta":{"footnotes":""},"categories":[286],"tags":[317,318,291,276,287,316,319],"class_list":["post-20942","post","type-post","status-publish","format-standard","has-post-thumbnail","hentry","category-noticias","tag-derechos-de-autor-es","tag-imagenes-es-2","tag-marketing-es-2","tag-marketing-es","tag-marketing-digital-es-2","tag-redes-sociales-es-2","tag-web-es"],"yoast_head":"<!-- This site is optimized with the Yoast SEO plugin v26.4 - https:\/\/yoast.com\/wordpress\/plugins\/seo\/ -->\n<title>Uso de im\u00e1genes y derechos de autor | Romeu Prenafeta<\/title>\n<meta name=\"robots\" content=\"index, follow, max-snippet:-1, max-image-preview:large, max-video-preview:-1\" \/>\n<link rel=\"canonical\" href=\"https:\/\/romeuprenafeta.com\/es\/uso-de-imagenes-y-derechos-de-autor\/\" \/>\n<meta property=\"og:locale\" content=\"es_ES\" \/>\n<meta property=\"og:type\" content=\"article\" \/>\n<meta property=\"og:title\" content=\"Uso de im\u00e1genes y derechos de autor | Romeu Prenafeta\" \/>\n<meta property=\"og:description\" content=\"Un factor muy importante a la hora de comunicar nuestra marca son las fotograf\u00edas que la acompa\u00f1an. Por eso, hay que tener cuidado con las im\u00e1genes que utilizamos, ya que estas har\u00e1n que nuestra marca resulte m\u00e1s o menos atractiva para los usuarios y posibles clientes. Podemos usar fotograf\u00edas de bancos de im\u00e1genes o bien [&hellip;]\" \/>\n<meta property=\"og:url\" content=\"https:\/\/romeuprenafeta.com\/es\/uso-de-imagenes-y-derechos-de-autor\/\" \/>\n<meta property=\"og:site_name\" content=\"Romeu Prenafeta\" \/>\n<meta property=\"article:publisher\" content=\"https:\/\/www.facebook.com\/romeuprenafeta\" \/>\n<meta property=\"article:published_time\" content=\"2022-09-16T13:05:59+00:00\" \/>\n<meta property=\"og:image\" content=\"https:\/\/romeuprenafeta.com\/wp-content\/uploads\/2022\/09\/blog-aida-scaled.jpg\" \/>\n\t<meta property=\"og:image:width\" content=\"2560\" \/>\n\t<meta property=\"og:image:height\" content=\"1707\" \/>\n\t<meta property=\"og:image:type\" content=\"image\/jpeg\" \/>\n<meta name=\"author\" content=\"eines\" \/>\n<meta name=\"twitter:card\" content=\"summary_large_image\" \/>\n<meta name=\"twitter:creator\" content=\"@RomeuPrenafeta_\" \/>\n<meta name=\"twitter:site\" content=\"@RomeuPrenafeta_\" \/>\n<meta name=\"twitter:label1\" content=\"Escrito por\" \/>\n\t<meta name=\"twitter:data1\" content=\"eines\" \/>\n\t<meta name=\"twitter:label2\" content=\"Tiempo de lectura\" \/>\n\t<meta name=\"twitter:data2\" content=\"3 minutos\" \/>\n<script type=\"application\/ld+json\" class=\"yoast-schema-graph\">{\"@context\":\"https:\/\/schema.org\",\"@graph\":[{\"@type\":\"Article\",\"@id\":\"https:\/\/romeuprenafeta.com\/es\/uso-de-imagenes-y-derechos-de-autor\/#article\",\"isPartOf\":{\"@id\":\"https:\/\/romeuprenafeta.com\/es\/uso-de-imagenes-y-derechos-de-autor\/\"},\"author\":{\"name\":\"eines\",\"@id\":\"https:\/\/romeuprenafeta.com\/es\/#\/schema\/person\/58ebbd086311a764da330543658884f1\"},\"headline\":\"Uso de im\u00e1genes y derechos de autor\",\"datePublished\":\"2022-09-16T13:05:59+00:00\",\"mainEntityOfPage\":{\"@id\":\"https:\/\/romeuprenafeta.com\/es\/uso-de-imagenes-y-derechos-de-autor\/\"},\"wordCount\":568,\"commentCount\":0,\"publisher\":{\"@id\":\"https:\/\/romeuprenafeta.com\/es\/#organization\"},\"image\":{\"@id\":\"https:\/\/romeuprenafeta.com\/es\/uso-de-imagenes-y-derechos-de-autor\/#primaryimage\"},\"thumbnailUrl\":\"https:\/\/romeuprenafeta.com\/wp-content\/uploads\/2022\/09\/blog-aida-scaled.jpg\",\"keywords\":[\"derechos de autor\",\"imagenes\",\"marketing\",\"marketing\",\"marketing digital\",\"redes sociales\",\"web\"],\"articleSection\":[\"Noticias\"],\"inLanguage\":\"es\",\"potentialAction\":[{\"@type\":\"CommentAction\",\"name\":\"Comment\",\"target\":[\"https:\/\/romeuprenafeta.com\/es\/uso-de-imagenes-y-derechos-de-autor\/#respond\"]}]},{\"@type\":\"WebPage\",\"@id\":\"https:\/\/romeuprenafeta.com\/es\/uso-de-imagenes-y-derechos-de-autor\/\",\"url\":\"https:\/\/romeuprenafeta.com\/es\/uso-de-imagenes-y-derechos-de-autor\/\",\"name\":\"Uso de im\u00e1genes y derechos de autor | Romeu Prenafeta\",\"isPartOf\":{\"@id\":\"https:\/\/romeuprenafeta.com\/es\/#website\"},\"primaryImageOfPage\":{\"@id\":\"https:\/\/romeuprenafeta.com\/es\/uso-de-imagenes-y-derechos-de-autor\/#primaryimage\"},\"image\":{\"@id\":\"https:\/\/romeuprenafeta.com\/es\/uso-de-imagenes-y-derechos-de-autor\/#primaryimage\"},\"thumbnailUrl\":\"https:\/\/romeuprenafeta.com\/wp-content\/uploads\/2022\/09\/blog-aida-scaled.jpg\",\"datePublished\":\"2022-09-16T13:05:59+00:00\",\"breadcrumb\":{\"@id\":\"https:\/\/romeuprenafeta.com\/es\/uso-de-imagenes-y-derechos-de-autor\/#breadcrumb\"},\"inLanguage\":\"es\",\"potentialAction\":[{\"@type\":\"ReadAction\",\"target\":[\"https:\/\/romeuprenafeta.com\/es\/uso-de-imagenes-y-derechos-de-autor\/\"]}]},{\"@type\":\"ImageObject\",\"inLanguage\":\"es\",\"@id\":\"https:\/\/romeuprenafeta.com\/es\/uso-de-imagenes-y-derechos-de-autor\/#primaryimage\",\"url\":\"https:\/\/romeuprenafeta.com\/wp-content\/uploads\/2022\/09\/blog-aida-scaled.jpg\",\"contentUrl\":\"https:\/\/romeuprenafeta.com\/wp-content\/uploads\/2022\/09\/blog-aida-scaled.jpg\",\"width\":2560,\"height\":1707},{\"@type\":\"BreadcrumbList\",\"@id\":\"https:\/\/romeuprenafeta.com\/es\/uso-de-imagenes-y-derechos-de-autor\/#breadcrumb\",\"itemListElement\":[{\"@type\":\"ListItem\",\"position\":1,\"name\":\"Inici\",\"item\":\"https:\/\/romeuprenafeta.com\/es\/romeu-prenafeta\/\"},{\"@type\":\"ListItem\",\"position\":2,\"name\":\"Uso de im\u00e1genes y derechos de autor\"}]},{\"@type\":\"WebSite\",\"@id\":\"https:\/\/romeuprenafeta.com\/es\/#website\",\"url\":\"https:\/\/romeuprenafeta.com\/es\/\",\"name\":\"Romeu Prenafeta\",\"description\":\"\",\"publisher\":{\"@id\":\"https:\/\/romeuprenafeta.com\/es\/#organization\"},\"potentialAction\":[{\"@type\":\"SearchAction\",\"target\":{\"@type\":\"EntryPoint\",\"urlTemplate\":\"https:\/\/romeuprenafeta.com\/es\/?s={search_term_string}\"},\"query-input\":{\"@type\":\"PropertyValueSpecification\",\"valueRequired\":true,\"valueName\":\"search_term_string\"}}],\"inLanguage\":\"es\"},{\"@type\":\"Organization\",\"@id\":\"https:\/\/romeuprenafeta.com\/es\/#organization\",\"name\":\"Romeu Prenafeta\",\"url\":\"https:\/\/romeuprenafeta.com\/es\/\",\"logo\":{\"@type\":\"ImageObject\",\"inLanguage\":\"es\",\"@id\":\"https:\/\/romeuprenafeta.com\/es\/#\/schema\/logo\/image\/\",\"url\":\"https:\/\/romeuprenafeta.com\/wp-content\/uploads\/2025\/06\/cropped-RP_2024_Logo-blanc-verd-2.png\",\"contentUrl\":\"https:\/\/romeuprenafeta.com\/wp-content\/uploads\/2025\/06\/cropped-RP_2024_Logo-blanc-verd-2.png\",\"width\":2351,\"height\":1357,\"caption\":\"Romeu Prenafeta\"},\"image\":{\"@id\":\"https:\/\/romeuprenafeta.com\/es\/#\/schema\/logo\/image\/\"},\"sameAs\":[\"https:\/\/www.facebook.com\/romeuprenafeta\",\"https:\/\/x.com\/RomeuPrenafeta_\",\"https:\/\/www.linkedin.com\/company\/romeu-prenafeta\",\"https:\/\/www.instagram.com\/romeuprenafeta\",\"https:\/\/www.youtube.com\/channel\/UCIYJP_52XR_qaQxfrS7twOw\",\"https:\/\/www.tiktok.com\/@romeuprenafeta\"]},{\"@type\":\"Person\",\"@id\":\"https:\/\/romeuprenafeta.com\/es\/#\/schema\/person\/58ebbd086311a764da330543658884f1\",\"name\":\"eines\",\"image\":{\"@type\":\"ImageObject\",\"inLanguage\":\"es\",\"@id\":\"https:\/\/romeuprenafeta.com\/es\/#\/schema\/person\/image\/\",\"url\":\"https:\/\/secure.gravatar.com\/avatar\/7f9ecc3e82781929ed0b61613ad3ffd0a1c9c9cad024227a318d136a4679cf9a?s=96&d=mm&r=g\",\"contentUrl\":\"https:\/\/secure.gravatar.com\/avatar\/7f9ecc3e82781929ed0b61613ad3ffd0a1c9c9cad024227a318d136a4679cf9a?s=96&d=mm&r=g\",\"caption\":\"eines\"},\"sameAs\":[\"https:\/\/romeuprenafeta.com\"],\"url\":\"https:\/\/romeuprenafeta.com\/es\/author\/eines\/\"}]}<\/script>\n<!-- \/ Yoast SEO plugin. -->","yoast_head_json":{"title":"Uso de im\u00e1genes y derechos de autor | Romeu Prenafeta","robots":{"index":"index","follow":"follow","max-snippet":"max-snippet:-1","max-image-preview":"max-image-preview:large","max-video-preview":"max-video-preview:-1"},"canonical":"https:\/\/romeuprenafeta.com\/es\/uso-de-imagenes-y-derechos-de-autor\/","og_locale":"es_ES","og_type":"article","og_title":"Uso de im\u00e1genes y derechos de autor | Romeu Prenafeta","og_description":"Un factor muy importante a la hora de comunicar nuestra marca son las fotograf\u00edas que la acompa\u00f1an. Por eso, hay que tener cuidado con las im\u00e1genes que utilizamos, ya que estas har\u00e1n que nuestra marca resulte m\u00e1s o menos atractiva para los usuarios y posibles clientes. Podemos usar fotograf\u00edas de bancos de im\u00e1genes o bien [&hellip;]","og_url":"https:\/\/romeuprenafeta.com\/es\/uso-de-imagenes-y-derechos-de-autor\/","og_site_name":"Romeu Prenafeta","article_publisher":"https:\/\/www.facebook.com\/romeuprenafeta","article_published_time":"2022-09-16T13:05:59+00:00","og_image":[{"width":2560,"height":1707,"url":"https:\/\/romeuprenafeta.com\/wp-content\/uploads\/2022\/09\/blog-aida-scaled.jpg","type":"image\/jpeg"}],"author":"eines","twitter_card":"summary_large_image","twitter_creator":"@RomeuPrenafeta_","twitter_site":"@RomeuPrenafeta_","twitter_misc":{"Escrito por":"eines","Tiempo de lectura":"3 minutos"},"schema":{"@context":"https:\/\/schema.org","@graph":[{"@type":"Article","@id":"https:\/\/romeuprenafeta.com\/es\/uso-de-imagenes-y-derechos-de-autor\/#article","isPartOf":{"@id":"https:\/\/romeuprenafeta.com\/es\/uso-de-imagenes-y-derechos-de-autor\/"},"author":{"name":"eines","@id":"https:\/\/romeuprenafeta.com\/es\/#\/schema\/person\/58ebbd086311a764da330543658884f1"},"headline":"Uso de im\u00e1genes y derechos de autor","datePublished":"2022-09-16T13:05:59+00:00","mainEntityOfPage":{"@id":"https:\/\/romeuprenafeta.com\/es\/uso-de-imagenes-y-derechos-de-autor\/"},"wordCount":568,"commentCount":0,"publisher":{"@id":"https:\/\/romeuprenafeta.com\/es\/#organization"},"image":{"@id":"https:\/\/romeuprenafeta.com\/es\/uso-de-imagenes-y-derechos-de-autor\/#primaryimage"},"thumbnailUrl":"https:\/\/romeuprenafeta.com\/wp-content\/uploads\/2022\/09\/blog-aida-scaled.jpg","keywords":["derechos de autor","imagenes","marketing","marketing","marketing digital","redes sociales","web"],"articleSection":["Noticias"],"inLanguage":"es","potentialAction":[{"@type":"CommentAction","name":"Comment","target":["https:\/\/romeuprenafeta.com\/es\/uso-de-imagenes-y-derechos-de-autor\/#respond"]}]},{"@type":"WebPage","@id":"https:\/\/romeuprenafeta.com\/es\/uso-de-imagenes-y-derechos-de-autor\/","url":"https:\/\/romeuprenafeta.com\/es\/uso-de-imagenes-y-derechos-de-autor\/","name":"Uso de im\u00e1genes y derechos de autor | Romeu Prenafeta","isPartOf":{"@id":"https:\/\/romeuprenafeta.com\/es\/#website"},"primaryImageOfPage":{"@id":"https:\/\/romeuprenafeta.com\/es\/uso-de-imagenes-y-derechos-de-autor\/#primaryimage"},"image":{"@id":"https:\/\/romeuprenafeta.com\/es\/uso-de-imagenes-y-derechos-de-autor\/#primaryimage"},"thumbnailUrl":"https:\/\/romeuprenafeta.com\/wp-content\/uploads\/2022\/09\/blog-aida-scaled.jpg","datePublished":"2022-09-16T13:05:59+00:00","breadcrumb":{"@id":"https:\/\/romeuprenafeta.com\/es\/uso-de-imagenes-y-derechos-de-autor\/#breadcrumb"},"inLanguage":"es","potentialAction":[{"@type":"ReadAction","target":["https:\/\/romeuprenafeta.com\/es\/uso-de-imagenes-y-derechos-de-autor\/"]}]},{"@type":"ImageObject","inLanguage":"es","@id":"https:\/\/romeuprenafeta.com\/es\/uso-de-imagenes-y-derechos-de-autor\/#primaryimage","url":"https:\/\/romeuprenafeta.com\/wp-content\/uploads\/2022\/09\/blog-aida-scaled.jpg","contentUrl":"https:\/\/romeuprenafeta.com\/wp-content\/uploads\/2022\/09\/blog-aida-scaled.jpg","width":2560,"height":1707},{"@type":"BreadcrumbList","@id":"https:\/\/romeuprenafeta.com\/es\/uso-de-imagenes-y-derechos-de-autor\/#breadcrumb","itemListElement":[{"@type":"ListItem","position":1,"name":"Inici","item":"https:\/\/romeuprenafeta.com\/es\/romeu-prenafeta\/"},{"@type":"ListItem","position":2,"name":"Uso de im\u00e1genes y derechos de autor"}]},{"@type":"WebSite","@id":"https:\/\/romeuprenafeta.com\/es\/#website","url":"https:\/\/romeuprenafeta.com\/es\/","name":"Romeu Prenafeta","description":"","publisher":{"@id":"https:\/\/romeuprenafeta.com\/es\/#organization"},"potentialAction":[{"@type":"SearchAction","target":{"@type":"EntryPoint","urlTemplate":"https:\/\/romeuprenafeta.com\/es\/?s={search_term_string}"},"query-input":{"@type":"PropertyValueSpecification","valueRequired":true,"valueName":"search_term_string"}}],"inLanguage":"es"},{"@type":"Organization","@id":"https:\/\/romeuprenafeta.com\/es\/#organization","name":"Romeu Prenafeta","url":"https:\/\/romeuprenafeta.com\/es\/","logo":{"@type":"ImageObject","inLanguage":"es","@id":"https:\/\/romeuprenafeta.com\/es\/#\/schema\/logo\/image\/","url":"https:\/\/romeuprenafeta.com\/wp-content\/uploads\/2025\/06\/cropped-RP_2024_Logo-blanc-verd-2.png","contentUrl":"https:\/\/romeuprenafeta.com\/wp-content\/uploads\/2025\/06\/cropped-RP_2024_Logo-blanc-verd-2.png","width":2351,"height":1357,"caption":"Romeu Prenafeta"},"image":{"@id":"https:\/\/romeuprenafeta.com\/es\/#\/schema\/logo\/image\/"},"sameAs":["https:\/\/www.facebook.com\/romeuprenafeta","https:\/\/x.com\/RomeuPrenafeta_","https:\/\/www.linkedin.com\/company\/romeu-prenafeta","https:\/\/www.instagram.com\/romeuprenafeta","https:\/\/www.youtube.com\/channel\/UCIYJP_52XR_qaQxfrS7twOw","https:\/\/www.tiktok.com\/@romeuprenafeta"]},{"@type":"Person","@id":"https:\/\/romeuprenafeta.com\/es\/#\/schema\/person\/58ebbd086311a764da330543658884f1","name":"eines","image":{"@type":"ImageObject","inLanguage":"es","@id":"https:\/\/romeuprenafeta.com\/es\/#\/schema\/person\/image\/","url":"https:\/\/secure.gravatar.com\/avatar\/7f9ecc3e82781929ed0b61613ad3ffd0a1c9c9cad024227a318d136a4679cf9a?s=96&d=mm&r=g","contentUrl":"https:\/\/secure.gravatar.com\/avatar\/7f9ecc3e82781929ed0b61613ad3ffd0a1c9c9cad024227a318d136a4679cf9a?s=96&d=mm&r=g","caption":"eines"},"sameAs":["https:\/\/romeuprenafeta.com"],"url":"https:\/\/romeuprenafeta.com\/es\/author\/eines\/"}]}},"_links":{"self":[{"href":"https:\/\/romeuprenafeta.com\/es\/wp-json\/wp\/v2\/posts\/20942","targetHints":{"allow":["GET"]}}],"collection":[{"href":"https:\/\/romeuprenafeta.com\/es\/wp-json\/wp\/v2\/posts"}],"about":[{"href":"https:\/\/romeuprenafeta.com\/es\/wp-json\/wp\/v2\/types\/post"}],"author":[{"embeddable":true,"href":"https:\/\/romeuprenafeta.com\/es\/wp-json\/wp\/v2\/users\/1"}],"replies":[{"embeddable":true,"href":"https:\/\/romeuprenafeta.com\/es\/wp-json\/wp\/v2\/comments?post=20942"}],"version-history":[{"count":0,"href":"https:\/\/romeuprenafeta.com\/es\/wp-json\/wp\/v2\/posts\/20942\/revisions"}],"wp:featuredmedia":[{"embeddable":true,"href":"https:\/\/romeuprenafeta.com\/es\/wp-json\/wp\/v2\/media\/15088"}],"wp:attachment":[{"href":"https:\/\/romeuprenafeta.com\/es\/wp-json\/wp\/v2\/media?parent=20942"}],"wp:term":[{"taxonomy":"category","embeddable":true,"href":"https:\/\/romeuprenafeta.com\/es\/wp-json\/wp\/v2\/categories?post=20942"},{"taxonomy":"post_tag","embeddable":true,"href":"https:\/\/romeuprenafeta.com\/es\/wp-json\/wp\/v2\/tags?post=20942"}],"curies":[{"name":"wp","href":"https:\/\/api.w.org\/{rel}","templated":true}]}}