{"id":20933,"date":"2022-11-16T17:19:08","date_gmt":"2022-11-16T17:19:08","guid":{"rendered":"https:\/\/romeuprenafeta.com\/video-corporativo\/"},"modified":"2022-11-16T17:19:08","modified_gmt":"2022-11-16T17:19:08","slug":"video-corporativo","status":"publish","type":"post","link":"https:\/\/romeuprenafeta.com\/es\/video-corporativo\/","title":{"rendered":"V\u00eddeo corporativo"},"content":{"rendered":"<p><span data-contrast=\"auto\">El <strong>v\u00eddeo corporativo <\/strong>es una herramienta clave para dar a conocer cualquier empresa a los diferentes p\u00fablicos a los que quiere llegar, adem\u00e1s de aportar un gran valor a la marca.<\/p>\n<p><\/span><span data-ccp-props=\"{\"201341983\":0,\"335559739\":160,\"335559740\":259}\"> <\/span><\/p>\n<h3><span data-contrast=\"auto\">\u00bfQu\u00e9 es un v\u00eddeo corporativo?<\/span><span data-ccp-props=\"{\"201341983\":0,\"335559739\":160,\"335559740\":259}\"> <\/span><\/h3>\n<p><span data-contrast=\"auto\">Un v\u00eddeo corporativo es una <strong>pieza audiovisual enfocada en la construcci\u00f3n de una percepci\u00f3n empresarial y su comunicaci\u00f3n.<\/strong> Su objetivo es crear un mensaje que englobe los diferentes aspectos importantes de una empresa.<\/span><span data-ccp-props=\"{\"201341983\":0,\"335559739\":160,\"335559740\":259}\"> <\/span><\/p>\n<h3><span data-contrast=\"auto\">\u00bfPor qu\u00e9 tener un v\u00eddeo corporativo?<\/span><span data-ccp-props=\"{\"201341983\":0,\"335551550\":1,\"335551620\":1,\"335559739\":160,\"335559740\":259}\"> <\/span><\/h3>\n<p><span data-contrast=\"auto\">Estos ser\u00edan algunos de los motivos por los cuales una empresa decide hacer un v\u00eddeo corporativo:<\/span><span data-ccp-props=\"{\"201341983\":0,\"335551550\":1,\"335551620\":1,\"335559739\":160,\"335559740\":259}\"> <\/span><\/p>\n<ul>\n<li data-leveltext=\"-\" data-font=\"Calibri\" data-listid=\"5\" data-aria-posinset=\"1\" data-aria-level=\"1\"><span data-contrast=\"auto\"><strong>Mejorar la imagen corporativa <\/strong>y as\u00ed diferenciar la marca de su competencia. Posiblemente sea uno de los objetivos principales.\n<p> <\/span><span data-ccp-props=\"{\"201341983\":0,\"335551550\":1,\"335551620\":1,\"335559685\":720,\"335559737\":0,\"335559739\":160,\"335559740\":259,\"335559991\":360}\"> <\/span><\/li>\n<li data-leveltext=\"-\" data-font=\"Calibri\" data-listid=\"3\" data-aria-posinset=\"2\" data-aria-level=\"1\"><span data-contrast=\"auto\"><strong>Comunicaci\u00f3n interna.\n<p><\/strong> Muy \u00fatiles en empresas grandes, ya que son herramientas que facilitan la comunicaci\u00f3n entre departamentos. Algunos ejemplos ser\u00edan las explicaciones de los elementos de seguridad, la historia de la empresa, v\u00eddeos de formaci\u00f3n, v\u00eddeos de eventos&#8230; <\/span><span data-ccp-props=\"{\"201341983\":0,\"335551550\":1,\"335551620\":1,\"335559737\":0,\"335559739\":160,\"335559740\":259}\"> <\/span><\/li>\n<li data-leveltext=\"-\" data-font=\"Calibri\" data-listid=\"3\" data-aria-posinset=\"3\" data-aria-level=\"1\"><span data-contrast=\"auto\">Ganar notoriedad de marca. Tener un buen v\u00eddeo corporativo puede hacer que se disparen las ventas, ya que este act\u00faa como veh\u00edculo para que la gente te vea y para transmitir los valores. <\/span><span data-ccp-props=\"{\"201341983\":0,\"335551550\":1,\"335551620\":1,\"335559737\":0,\"335559739\":160,\"335559740\":259}\"> <\/span><\/li>\n<li data-leveltext=\"-\" data-font=\"Calibri\" data-listid=\"3\" data-aria-posinset=\"4\" data-aria-level=\"1\"><span data-contrast=\"auto\"><strong>Mejorar el posicionamiento SEO.<\/strong> Hoy en d\u00eda es muy importante la duraci\u00f3n de los usuarios dentro de una p\u00e1gina web para tener un buen posicionamiento. El v\u00eddeo har\u00e1 que el tiempo de una sesi\u00f3n aumente y, por tanto, mejore el posicionamiento. <\/span><span data-ccp-props=\"{\"201341983\":0,\"335551550\":1,\"335551620\":1,\"335559737\":0,\"335559739\":160,\"335559740\":259}\"> <\/span><\/li>\n<li data-leveltext=\"-\" data-font=\"Calibri\" data-listid=\"3\" data-aria-posinset=\"5\" data-aria-level=\"1\"><strong>Fidelizaci\u00f3n de los clientes.<\/strong><span data-ccp-props=\"{\"201341983\":0,\"335551550\":1,\"335551620\":1,\"335559737\":0,\"335559739\":160,\"335559740\":259}\"> <\/span><\/li>\n<\/ul>\n<p><span data-ccp-props=\"{\"201341983\":0,\"335551550\":1,\"335551620\":1,\"335559739\":160,\"335559740\":259}\"> <\/span><\/p>\n<h3><span data-contrast=\"auto\">\u00bfQu\u00e9 debe tener un v\u00eddeo corporativo?<\/span><span data-ccp-props=\"{\"201341983\":0,\"335551550\":1,\"335551620\":1,\"335559739\":160,\"335559740\":259}\"> <\/span><\/h3>\n<p><span data-contrast=\"auto\">Los elementos imprescindibles que debe tener son:<\/span><span data-ccp-props=\"{\"201341983\":0,\"335551550\":1,\"335551620\":1,\"335559739\":160,\"335559740\":259}\"> <\/span><\/p>\n<ul>\n<li data-leveltext=\"-\" data-font=\"Calibri\" data-listid=\"1\" data-aria-posinset=\"6\" data-aria-level=\"1\"><span data-contrast=\"auto\">Misi\u00f3n y visi\u00f3n de la empresa<\/span><span data-ccp-props=\"{\"201341983\":0,\"335551550\":1,\"335551620\":1,\"335559737\":0,\"335559739\":160,\"335559740\":259}\"> <\/span><\/li>\n<li data-leveltext=\"-\" data-font=\"Calibri\" data-listid=\"1\" data-aria-posinset=\"7\" data-aria-level=\"1\"><span data-contrast=\"auto\">Valores corporativos<\/span><span data-ccp-props=\"{\"201341983\":0,\"335551550\":1,\"335551620\":1,\"335559737\":0,\"335559739\":160,\"335559740\":259}\"> <\/span><\/li>\n<li data-leveltext=\"-\" data-font=\"Calibri\" data-listid=\"1\" data-aria-posinset=\"8\" data-aria-level=\"1\"><span data-contrast=\"auto\">Qu\u00e9 los diferencia de la competencia<\/span><span data-ccp-props=\"{\"201341983\":0,\"335551550\":1,\"335551620\":1,\"335559737\":0,\"335559739\":160,\"335559740\":259}\"> <\/span><\/li>\n<li data-leveltext=\"-\" data-font=\"Calibri\" data-listid=\"1\" data-aria-posinset=\"9\" data-aria-level=\"1\"><span data-contrast=\"auto\">Humanizar la empresa con su personal<\/span><span data-ccp-props=\"{\"201341983\":0,\"335551550\":1,\"335551620\":1,\"335559737\":0,\"335559739\":160,\"335559740\":259}\"> <\/span><\/li>\n<li data-leveltext=\"-\" data-font=\"Calibri\" data-listid=\"1\" data-aria-posinset=\"10\" data-aria-level=\"1\"><span data-contrast=\"auto\">Elementos corporativos\n<p> <\/span><\/li>\n<li data-leveltext=\"-\" data-font=\"Calibri\" data-listid=\"1\" data-aria-posinset=\"10\" data-aria-level=\"1\"><span data-contrast=\"auto\">Diferentes planos que muestren la empresa\n<p><\/span><span data-ccp-props=\"{\"201341983\":0,\"335551550\":1,\"335551620\":1,\"335559737\":0,\"335559739\":160,\"335559740\":259}\"> <\/span><\/li>\n<li data-leveltext=\"-\" data-font=\"Calibri\" data-listid=\"1\" data-aria-posinset=\"11\" data-aria-level=\"1\"><span data-contrast=\"auto\">Mensajes claros, concretos y directos<\/span><span data-ccp-props=\"{\"201341983\":0,\"335551550\":1,\"335551620\":1,\"335559737\":0,\"335559739\":160,\"335559740\":259}\"> <\/span><\/li>\n<li data-leveltext=\"-\" data-font=\"Calibri\" data-listid=\"2\" data-aria-posinset=\"13\" data-aria-level=\"1\"><span data-contrast=\"auto\">Imagen y sonido <\/span><span data-ccp-props=\"{\"201341983\":0,\"335551550\":1,\"335551620\":1,\"335559737\":0,\"335559739\":160,\"335559740\":259}\">de calidad<\/span><\/li>\n<li data-leveltext=\"-\" data-font=\"Calibri\" data-listid=\"2\" data-aria-posinset=\"14\" data-aria-level=\"1\"><span data-contrast=\"auto\">Brevetat<\/span><span data-ccp-props=\"{\"201341983\":0,\"335551550\":1,\"335551620\":1,\"335559737\":0,\"335559739\":160,\"335559740\":259}\"> <\/span><\/li>\n<li data-leveltext=\"-\" data-font=\"Calibri\" data-listid=\"2\" data-aria-posinset=\"15\" data-aria-level=\"1\"><span data-contrast=\"auto\">Dinamismo\n<p><\/span><\/li>\n<\/ul>\n<h3><span data-contrast=\"auto\">\u00bfQu\u00e9 tipos de v\u00eddeos corporativos se pueden hacer?<\/p>\n<p><\/span><span data-ccp-props=\"{\"201341983\":0,\"335551550\":1,\"335551620\":1,\"335559739\":160,\"335559740\":259}\"> <\/span><\/h3>\n<p><span data-contrast=\"auto\">Dependiendo de su contenido y de la narraci\u00f3n del v\u00eddeo, existen diferentes tipos de v\u00eddeo corporativo, como por ejemplo los informativos, did\u00e1cticos, de entretenimiento, persuasivos, entrevistas&#8230;<\/span><span data-ccp-props=\"{\"201341983\":0,\"335551550\":1,\"335551620\":1,\"335559739\":160,\"335559740\":259}\"> <\/span><\/p>\n<p><span data-ccp-props=\"{\"201341983\":0,\"335551550\":1,\"335551620\":1,\"335559739\":160,\"335559740\":259}\"> <\/span><\/p>\n<p><span data-contrast=\"auto\">Como hemos estado comentando, el v\u00eddeo corporativo aporta una gran variedad de opciones y beneficios. Su gran capacidad de conversi\u00f3n y su versatilidad lo hacen perfecto para comunicar a la audiencia. <\/span><span data-ccp-props=\"{\"201341983\":0,\"335551550\":1,\"335551620\":1,\"335559739\":160,\"335559740\":259}\"> <\/span><\/p>\n<p><span data-contrast=\"auto\">As\u00ed que no lo pienses dos veces, si a\u00fan no tienes tu v\u00eddeo corporativo, \u00a1contacta con nosotros <a href=\"https:\/\/romeuprenafeta.com\/es\/contacta\/\">aqu\u00ed<\/a>!<\/p>\n<p><\/span><span data-ccp-props=\"{\"201341983\":0,\"335551550\":1,\"335551620\":1,\"335559739\":160,\"335559740\":259}\"> <\/span><\/p>\n<p>&nbsp;<\/p>\n<p>\u00bfTe ha resultado \u00fatil este post? Si es as\u00ed, no dudes en compartirlo con quien creas que le pueda parecer interesante. <\/p>\n<p>Para saber m\u00e1s o si te surgen dudas, com\u00e9ntamelo, estar\u00e9 encantada de responderte. Puedes contactarme en <a href=\"https:\/\/www.linkedin.com\/in\/merimina\/\" target=\"_blank\" rel=\"noopener\">mi perfil de LinkedIn <\/a>y seguir nuestros canales sociales en esa <a href=\"https:\/\/www.linkedin.com\/company\/1980038\/admin\/\" target=\"_blank\" rel=\"noopener\">misma red,<\/a> as\u00ed como en <a href=\"https:\/\/www.instagram.com\/romeuprenafeta\/\" target=\"_blank\" rel=\"noopener\">Instagram<\/a>, <a href=\"https:\/\/twitter.com\/RomeuPrenafeta_\" target=\"_blank\" rel=\"noopener\">Twitter <\/a>y <a href=\"https:\/\/www.facebook.com\/romeuprenafeta\/\" target=\"_blank\" rel=\"noopener\">Facebook<\/a>. <\/p>\n","protected":false},"excerpt":{"rendered":"<p>El v\u00eddeo corporativo es una herramienta clave para dar a conocer cualquier empresa a los diferentes p\u00fablicos a los que quiere llegar, adem\u00e1s de aportar un gran valor a la marca. \u00bfQu\u00e9 es un v\u00eddeo corporativo? Un v\u00eddeo corporativo es una pieza audiovisual enfocada en la construcci\u00f3n de una percepci\u00f3n empresarial y su comunicaci\u00f3n. Su [&hellip;]<\/p>\n","protected":false},"author":31,"featured_media":15090,"comment_status":"open","ping_status":"open","sticky":false,"template":"","format":"standard","meta":{"footnotes":""},"categories":[273,274],"tags":[303,304,290,292,276,277,287,298,289,297,299,305,300,301,302],"class_list":["post-20933","post","type-post","status-publish","format-standard","has-post-thumbnail","hentry","category-blog-es","category-formacion-socialtraining","tag-comunicacion","tag-corporativo","tag-empresa-es","tag-marca-es","tag-marketing-es","tag-marketing-digital-es","tag-marketing-digital-es-2","tag-publicidad","tag-romeu-prenafeta-es","tag-ventas","tag-video-es","tag-video-corporativo","tag-video-marketing-es","tag-video-marketing-es-2","tag-video-pera-publicidad"],"yoast_head":"<!-- This site is optimized with the Yoast SEO plugin v26.4 - https:\/\/yoast.com\/wordpress\/plugins\/seo\/ -->\n<title>V\u00eddeo corporativo | Romeu Prenafeta<\/title>\n<meta name=\"robots\" content=\"index, follow, max-snippet:-1, max-image-preview:large, max-video-preview:-1\" \/>\n<link rel=\"canonical\" href=\"https:\/\/romeuprenafeta.com\/es\/video-corporativo\/\" \/>\n<meta property=\"og:locale\" content=\"es_ES\" \/>\n<meta property=\"og:type\" content=\"article\" \/>\n<meta property=\"og:title\" content=\"V\u00eddeo corporativo | Romeu Prenafeta\" \/>\n<meta property=\"og:description\" content=\"El v\u00eddeo corporativo es una herramienta clave para dar a conocer cualquier empresa a los diferentes p\u00fablicos a los que quiere llegar, adem\u00e1s de aportar un gran valor a la marca. \u00bfQu\u00e9 es un v\u00eddeo corporativo? Un v\u00eddeo corporativo es una pieza audiovisual enfocada en la construcci\u00f3n de una percepci\u00f3n empresarial y su comunicaci\u00f3n. Su [&hellip;]\" \/>\n<meta property=\"og:url\" content=\"https:\/\/romeuprenafeta.com\/es\/video-corporativo\/\" \/>\n<meta property=\"og:site_name\" content=\"Romeu Prenafeta\" \/>\n<meta property=\"article:publisher\" content=\"https:\/\/www.facebook.com\/romeuprenafeta\" \/>\n<meta property=\"article:published_time\" content=\"2022-11-16T17:19:08+00:00\" \/>\n<meta property=\"og:image\" content=\"https:\/\/romeuprenafeta.com\/wp-content\/uploads\/2022\/11\/RP_221118_Blog-scaled.jpg\" \/>\n\t<meta property=\"og:image:width\" content=\"2560\" \/>\n\t<meta property=\"og:image:height\" content=\"1408\" \/>\n\t<meta property=\"og:image:type\" content=\"image\/jpeg\" \/>\n<meta name=\"author\" content=\"Meri Mina\" \/>\n<meta name=\"twitter:card\" content=\"summary_large_image\" \/>\n<meta name=\"twitter:creator\" content=\"@RomeuPrenafeta_\" \/>\n<meta name=\"twitter:site\" content=\"@RomeuPrenafeta_\" \/>\n<meta name=\"twitter:label1\" content=\"Escrito por\" \/>\n\t<meta name=\"twitter:data1\" content=\"Meri Mina\" \/>\n\t<meta name=\"twitter:label2\" content=\"Tiempo de lectura\" \/>\n\t<meta name=\"twitter:data2\" content=\"2 minutos\" \/>\n<script type=\"application\/ld+json\" class=\"yoast-schema-graph\">{\"@context\":\"https:\/\/schema.org\",\"@graph\":[{\"@type\":\"Article\",\"@id\":\"https:\/\/romeuprenafeta.com\/es\/video-corporativo\/#article\",\"isPartOf\":{\"@id\":\"https:\/\/romeuprenafeta.com\/es\/video-corporativo\/\"},\"author\":{\"name\":\"Meri Mina\",\"@id\":\"https:\/\/romeuprenafeta.com\/es\/#\/schema\/person\/04671477156f1febf252754bc30bfa42\"},\"headline\":\"V\u00eddeo corporativo\",\"datePublished\":\"2022-11-16T17:19:08+00:00\",\"mainEntityOfPage\":{\"@id\":\"https:\/\/romeuprenafeta.com\/es\/video-corporativo\/\"},\"wordCount\":463,\"commentCount\":0,\"publisher\":{\"@id\":\"https:\/\/romeuprenafeta.com\/es\/#organization\"},\"image\":{\"@id\":\"https:\/\/romeuprenafeta.com\/es\/video-corporativo\/#primaryimage\"},\"thumbnailUrl\":\"https:\/\/romeuprenafeta.com\/wp-content\/uploads\/2022\/11\/RP_221118_Blog-scaled.jpg\",\"keywords\":[\"comunicaci\u00f3n\",\"corporativo\",\"empresa\",\"marca\",\"marketing\",\"marketing digital\",\"marketing digital\",\"publicidad\",\"romeu prenafeta\",\"ventas\",\"v\u00eddeo\",\"v\u00eddeo corporativo\",\"v\u00eddeo marketing\",\"v\u00eddeo marketing\",\"v\u00eddeo pera publicidad\"],\"articleSection\":[\"Blog\",\"Formaci\u00f3n #SocialTraining\"],\"inLanguage\":\"es\",\"potentialAction\":[{\"@type\":\"CommentAction\",\"name\":\"Comment\",\"target\":[\"https:\/\/romeuprenafeta.com\/es\/video-corporativo\/#respond\"]}]},{\"@type\":\"WebPage\",\"@id\":\"https:\/\/romeuprenafeta.com\/es\/video-corporativo\/\",\"url\":\"https:\/\/romeuprenafeta.com\/es\/video-corporativo\/\",\"name\":\"V\u00eddeo corporativo | Romeu Prenafeta\",\"isPartOf\":{\"@id\":\"https:\/\/romeuprenafeta.com\/es\/#website\"},\"primaryImageOfPage\":{\"@id\":\"https:\/\/romeuprenafeta.com\/es\/video-corporativo\/#primaryimage\"},\"image\":{\"@id\":\"https:\/\/romeuprenafeta.com\/es\/video-corporativo\/#primaryimage\"},\"thumbnailUrl\":\"https:\/\/romeuprenafeta.com\/wp-content\/uploads\/2022\/11\/RP_221118_Blog-scaled.jpg\",\"datePublished\":\"2022-11-16T17:19:08+00:00\",\"breadcrumb\":{\"@id\":\"https:\/\/romeuprenafeta.com\/es\/video-corporativo\/#breadcrumb\"},\"inLanguage\":\"es\",\"potentialAction\":[{\"@type\":\"ReadAction\",\"target\":[\"https:\/\/romeuprenafeta.com\/es\/video-corporativo\/\"]}]},{\"@type\":\"ImageObject\",\"inLanguage\":\"es\",\"@id\":\"https:\/\/romeuprenafeta.com\/es\/video-corporativo\/#primaryimage\",\"url\":\"https:\/\/romeuprenafeta.com\/wp-content\/uploads\/2022\/11\/RP_221118_Blog-scaled.jpg\",\"contentUrl\":\"https:\/\/romeuprenafeta.com\/wp-content\/uploads\/2022\/11\/RP_221118_Blog-scaled.jpg\",\"width\":2560,\"height\":1408},{\"@type\":\"BreadcrumbList\",\"@id\":\"https:\/\/romeuprenafeta.com\/es\/video-corporativo\/#breadcrumb\",\"itemListElement\":[{\"@type\":\"ListItem\",\"position\":1,\"name\":\"Inici\",\"item\":\"https:\/\/romeuprenafeta.com\/es\/romeu-prenafeta\/\"},{\"@type\":\"ListItem\",\"position\":2,\"name\":\"V\u00eddeo corporativo\"}]},{\"@type\":\"WebSite\",\"@id\":\"https:\/\/romeuprenafeta.com\/es\/#website\",\"url\":\"https:\/\/romeuprenafeta.com\/es\/\",\"name\":\"Romeu Prenafeta\",\"description\":\"\",\"publisher\":{\"@id\":\"https:\/\/romeuprenafeta.com\/es\/#organization\"},\"potentialAction\":[{\"@type\":\"SearchAction\",\"target\":{\"@type\":\"EntryPoint\",\"urlTemplate\":\"https:\/\/romeuprenafeta.com\/es\/?s={search_term_string}\"},\"query-input\":{\"@type\":\"PropertyValueSpecification\",\"valueRequired\":true,\"valueName\":\"search_term_string\"}}],\"inLanguage\":\"es\"},{\"@type\":\"Organization\",\"@id\":\"https:\/\/romeuprenafeta.com\/es\/#organization\",\"name\":\"Romeu Prenafeta\",\"url\":\"https:\/\/romeuprenafeta.com\/es\/\",\"logo\":{\"@type\":\"ImageObject\",\"inLanguage\":\"es\",\"@id\":\"https:\/\/romeuprenafeta.com\/es\/#\/schema\/logo\/image\/\",\"url\":\"https:\/\/romeuprenafeta.com\/wp-content\/uploads\/2025\/06\/cropped-RP_2024_Logo-blanc-verd-2.png\",\"contentUrl\":\"https:\/\/romeuprenafeta.com\/wp-content\/uploads\/2025\/06\/cropped-RP_2024_Logo-blanc-verd-2.png\",\"width\":2351,\"height\":1357,\"caption\":\"Romeu Prenafeta\"},\"image\":{\"@id\":\"https:\/\/romeuprenafeta.com\/es\/#\/schema\/logo\/image\/\"},\"sameAs\":[\"https:\/\/www.facebook.com\/romeuprenafeta\",\"https:\/\/x.com\/RomeuPrenafeta_\",\"https:\/\/www.linkedin.com\/company\/romeu-prenafeta\",\"https:\/\/www.instagram.com\/romeuprenafeta\",\"https:\/\/www.youtube.com\/channel\/UCIYJP_52XR_qaQxfrS7twOw\",\"https:\/\/www.tiktok.com\/@romeuprenafeta\"]},{\"@type\":\"Person\",\"@id\":\"https:\/\/romeuprenafeta.com\/es\/#\/schema\/person\/04671477156f1febf252754bc30bfa42\",\"name\":\"Meri Mina\",\"image\":{\"@type\":\"ImageObject\",\"inLanguage\":\"es\",\"@id\":\"https:\/\/romeuprenafeta.com\/es\/#\/schema\/person\/image\/\",\"url\":\"https:\/\/secure.gravatar.com\/avatar\/68b0c13c977a7d84bb62f0bd6f6a9b079fa43d795ed9eb38ce4f3351a124af42?s=96&d=mm&r=g\",\"contentUrl\":\"https:\/\/secure.gravatar.com\/avatar\/68b0c13c977a7d84bb62f0bd6f6a9b079fa43d795ed9eb38ce4f3351a124af42?s=96&d=mm&r=g\",\"caption\":\"Meri Mina\"},\"url\":\"https:\/\/romeuprenafeta.com\/es\/author\/meri-mina\/\"}]}<\/script>\n<!-- \/ Yoast SEO plugin. -->","yoast_head_json":{"title":"V\u00eddeo corporativo | Romeu Prenafeta","robots":{"index":"index","follow":"follow","max-snippet":"max-snippet:-1","max-image-preview":"max-image-preview:large","max-video-preview":"max-video-preview:-1"},"canonical":"https:\/\/romeuprenafeta.com\/es\/video-corporativo\/","og_locale":"es_ES","og_type":"article","og_title":"V\u00eddeo corporativo | Romeu Prenafeta","og_description":"El v\u00eddeo corporativo es una herramienta clave para dar a conocer cualquier empresa a los diferentes p\u00fablicos a los que quiere llegar, adem\u00e1s de aportar un gran valor a la marca. \u00bfQu\u00e9 es un v\u00eddeo corporativo? Un v\u00eddeo corporativo es una pieza audiovisual enfocada en la construcci\u00f3n de una percepci\u00f3n empresarial y su comunicaci\u00f3n. Su [&hellip;]","og_url":"https:\/\/romeuprenafeta.com\/es\/video-corporativo\/","og_site_name":"Romeu Prenafeta","article_publisher":"https:\/\/www.facebook.com\/romeuprenafeta","article_published_time":"2022-11-16T17:19:08+00:00","og_image":[{"width":2560,"height":1408,"url":"https:\/\/romeuprenafeta.com\/wp-content\/uploads\/2022\/11\/RP_221118_Blog-scaled.jpg","type":"image\/jpeg"}],"author":"Meri Mina","twitter_card":"summary_large_image","twitter_creator":"@RomeuPrenafeta_","twitter_site":"@RomeuPrenafeta_","twitter_misc":{"Escrito por":"Meri Mina","Tiempo de lectura":"2 minutos"},"schema":{"@context":"https:\/\/schema.org","@graph":[{"@type":"Article","@id":"https:\/\/romeuprenafeta.com\/es\/video-corporativo\/#article","isPartOf":{"@id":"https:\/\/romeuprenafeta.com\/es\/video-corporativo\/"},"author":{"name":"Meri Mina","@id":"https:\/\/romeuprenafeta.com\/es\/#\/schema\/person\/04671477156f1febf252754bc30bfa42"},"headline":"V\u00eddeo corporativo","datePublished":"2022-11-16T17:19:08+00:00","mainEntityOfPage":{"@id":"https:\/\/romeuprenafeta.com\/es\/video-corporativo\/"},"wordCount":463,"commentCount":0,"publisher":{"@id":"https:\/\/romeuprenafeta.com\/es\/#organization"},"image":{"@id":"https:\/\/romeuprenafeta.com\/es\/video-corporativo\/#primaryimage"},"thumbnailUrl":"https:\/\/romeuprenafeta.com\/wp-content\/uploads\/2022\/11\/RP_221118_Blog-scaled.jpg","keywords":["comunicaci\u00f3n","corporativo","empresa","marca","marketing","marketing digital","marketing digital","publicidad","romeu prenafeta","ventas","v\u00eddeo","v\u00eddeo corporativo","v\u00eddeo marketing","v\u00eddeo marketing","v\u00eddeo pera publicidad"],"articleSection":["Blog","Formaci\u00f3n #SocialTraining"],"inLanguage":"es","potentialAction":[{"@type":"CommentAction","name":"Comment","target":["https:\/\/romeuprenafeta.com\/es\/video-corporativo\/#respond"]}]},{"@type":"WebPage","@id":"https:\/\/romeuprenafeta.com\/es\/video-corporativo\/","url":"https:\/\/romeuprenafeta.com\/es\/video-corporativo\/","name":"V\u00eddeo corporativo | Romeu Prenafeta","isPartOf":{"@id":"https:\/\/romeuprenafeta.com\/es\/#website"},"primaryImageOfPage":{"@id":"https:\/\/romeuprenafeta.com\/es\/video-corporativo\/#primaryimage"},"image":{"@id":"https:\/\/romeuprenafeta.com\/es\/video-corporativo\/#primaryimage"},"thumbnailUrl":"https:\/\/romeuprenafeta.com\/wp-content\/uploads\/2022\/11\/RP_221118_Blog-scaled.jpg","datePublished":"2022-11-16T17:19:08+00:00","breadcrumb":{"@id":"https:\/\/romeuprenafeta.com\/es\/video-corporativo\/#breadcrumb"},"inLanguage":"es","potentialAction":[{"@type":"ReadAction","target":["https:\/\/romeuprenafeta.com\/es\/video-corporativo\/"]}]},{"@type":"ImageObject","inLanguage":"es","@id":"https:\/\/romeuprenafeta.com\/es\/video-corporativo\/#primaryimage","url":"https:\/\/romeuprenafeta.com\/wp-content\/uploads\/2022\/11\/RP_221118_Blog-scaled.jpg","contentUrl":"https:\/\/romeuprenafeta.com\/wp-content\/uploads\/2022\/11\/RP_221118_Blog-scaled.jpg","width":2560,"height":1408},{"@type":"BreadcrumbList","@id":"https:\/\/romeuprenafeta.com\/es\/video-corporativo\/#breadcrumb","itemListElement":[{"@type":"ListItem","position":1,"name":"Inici","item":"https:\/\/romeuprenafeta.com\/es\/romeu-prenafeta\/"},{"@type":"ListItem","position":2,"name":"V\u00eddeo corporativo"}]},{"@type":"WebSite","@id":"https:\/\/romeuprenafeta.com\/es\/#website","url":"https:\/\/romeuprenafeta.com\/es\/","name":"Romeu Prenafeta","description":"","publisher":{"@id":"https:\/\/romeuprenafeta.com\/es\/#organization"},"potentialAction":[{"@type":"SearchAction","target":{"@type":"EntryPoint","urlTemplate":"https:\/\/romeuprenafeta.com\/es\/?s={search_term_string}"},"query-input":{"@type":"PropertyValueSpecification","valueRequired":true,"valueName":"search_term_string"}}],"inLanguage":"es"},{"@type":"Organization","@id":"https:\/\/romeuprenafeta.com\/es\/#organization","name":"Romeu Prenafeta","url":"https:\/\/romeuprenafeta.com\/es\/","logo":{"@type":"ImageObject","inLanguage":"es","@id":"https:\/\/romeuprenafeta.com\/es\/#\/schema\/logo\/image\/","url":"https:\/\/romeuprenafeta.com\/wp-content\/uploads\/2025\/06\/cropped-RP_2024_Logo-blanc-verd-2.png","contentUrl":"https:\/\/romeuprenafeta.com\/wp-content\/uploads\/2025\/06\/cropped-RP_2024_Logo-blanc-verd-2.png","width":2351,"height":1357,"caption":"Romeu Prenafeta"},"image":{"@id":"https:\/\/romeuprenafeta.com\/es\/#\/schema\/logo\/image\/"},"sameAs":["https:\/\/www.facebook.com\/romeuprenafeta","https:\/\/x.com\/RomeuPrenafeta_","https:\/\/www.linkedin.com\/company\/romeu-prenafeta","https:\/\/www.instagram.com\/romeuprenafeta","https:\/\/www.youtube.com\/channel\/UCIYJP_52XR_qaQxfrS7twOw","https:\/\/www.tiktok.com\/@romeuprenafeta"]},{"@type":"Person","@id":"https:\/\/romeuprenafeta.com\/es\/#\/schema\/person\/04671477156f1febf252754bc30bfa42","name":"Meri Mina","image":{"@type":"ImageObject","inLanguage":"es","@id":"https:\/\/romeuprenafeta.com\/es\/#\/schema\/person\/image\/","url":"https:\/\/secure.gravatar.com\/avatar\/68b0c13c977a7d84bb62f0bd6f6a9b079fa43d795ed9eb38ce4f3351a124af42?s=96&d=mm&r=g","contentUrl":"https:\/\/secure.gravatar.com\/avatar\/68b0c13c977a7d84bb62f0bd6f6a9b079fa43d795ed9eb38ce4f3351a124af42?s=96&d=mm&r=g","caption":"Meri Mina"},"url":"https:\/\/romeuprenafeta.com\/es\/author\/meri-mina\/"}]}},"_links":{"self":[{"href":"https:\/\/romeuprenafeta.com\/es\/wp-json\/wp\/v2\/posts\/20933","targetHints":{"allow":["GET"]}}],"collection":[{"href":"https:\/\/romeuprenafeta.com\/es\/wp-json\/wp\/v2\/posts"}],"about":[{"href":"https:\/\/romeuprenafeta.com\/es\/wp-json\/wp\/v2\/types\/post"}],"author":[{"embeddable":true,"href":"https:\/\/romeuprenafeta.com\/es\/wp-json\/wp\/v2\/users\/31"}],"replies":[{"embeddable":true,"href":"https:\/\/romeuprenafeta.com\/es\/wp-json\/wp\/v2\/comments?post=20933"}],"version-history":[{"count":0,"href":"https:\/\/romeuprenafeta.com\/es\/wp-json\/wp\/v2\/posts\/20933\/revisions"}],"wp:featuredmedia":[{"embeddable":true,"href":"https:\/\/romeuprenafeta.com\/es\/wp-json\/wp\/v2\/media\/15090"}],"wp:attachment":[{"href":"https:\/\/romeuprenafeta.com\/es\/wp-json\/wp\/v2\/media?parent=20933"}],"wp:term":[{"taxonomy":"category","embeddable":true,"href":"https:\/\/romeuprenafeta.com\/es\/wp-json\/wp\/v2\/categories?post=20933"},{"taxonomy":"post_tag","embeddable":true,"href":"https:\/\/romeuprenafeta.com\/es\/wp-json\/wp\/v2\/tags?post=20933"}],"curies":[{"name":"wp","href":"https:\/\/api.w.org\/{rel}","templated":true}]}}