{"id":20929,"date":"2022-12-07T10:20:29","date_gmt":"2022-12-07T10:20:29","guid":{"rendered":"https:\/\/romeuprenafeta.com\/como-organizar-una-sesion-de-fotos-para-tu-empresa\/"},"modified":"2022-12-07T10:20:29","modified_gmt":"2022-12-07T10:20:29","slug":"como-organizar-una-sesion-de-fotos-para-tu-empresa","status":"publish","type":"post","link":"https:\/\/romeuprenafeta.com\/es\/como-organizar-una-sesion-de-fotos-para-tu-empresa\/","title":{"rendered":"\u00bfC\u00f3mo organizar una sesi\u00f3n de fotos para tu empresa?"},"content":{"rendered":"<p>En primer lugar, <strong>es importante aclarar cu\u00e1les son las fases de una sesi\u00f3n de fotos<\/strong>; entendemos que principalmente existen tres:<\/p>\n<ul>\n<li><strong>La preproducci\u00f3n<\/strong><\/li>\n<li><strong>La producci\u00f3n<\/strong><\/li>\n<li><strong>La postproducci\u00f3n<\/strong><\/li>\n<\/ul>\n<h3><strong>En el proceso de preproducci\u00f3n analizamos qu\u00e9 tipo de imagen necesitamos.<\/strong><\/h3>\n<p>Una herramienta muy \u00fatil para obtener ideas para las fotograf\u00edas es realizar una <strong>lluvia de ideas;<\/strong> esto nos ser\u00e1 especialmente \u00fatil si buscamos im\u00e1genes m\u00e1s creativas, diferentes o de tem\u00e1ticas m\u00e1s concretas (como Navidad o invierno), sin caer en los t\u00edpicos t\u00f3picos. Otra buena opci\u00f3n es <strong>buscar referentes visuales<\/strong>, utilizando im\u00e1genes ya existentes para ver qu\u00e9 estilos encajan con nuestra empresa.<\/p>\n<h3>Una vez tenemos claras las im\u00e1genes que necesitamos y para organizar la sesi\u00f3n de fotos, agruparemos todas aquellas que se puedan parecer.<\/h3>\n<p>Si tenemos pensado hacer una sesi\u00f3n de fotograf\u00edas corporativas para la web y, adem\u00e1s, tambi\u00e9n queremos realizar fotos de car\u00e1cter navide\u00f1o, por ejemplo, elegiremos qu\u00e9 tipo de toma realizaremos primero. Entendemos que el tiempo es importante y, gracias a esto, reducimos la duraci\u00f3n de la sesi\u00f3n de fotos. <\/p>\n<h3>Una vez hemos completado la fase de preproducci\u00f3n, llega el d\u00eda de la sesi\u00f3n de fotos. \u00a1Y no deben haber sorpresas! <\/h3>\n<p>Si cuentas en tu empresa con un equipo bastante amplio, es relevante que todos est\u00e9n al tanto de los acuerdos durante las fases anteriores. El tipo de ropa adecuada para la sesi\u00f3n, los accesorios o el tipo de maquillaje no deben pasarse por alto.<\/p>\n<h3>\u00a1Ya lo tenemos todo preparado, comenzamos la sesi\u00f3n de fotos!<\/h3>\n<p>Para obtener los mejores resultados y hacer que pierdas el menor tiempo posible en tu trabajo, es importante<strong> dedicar unos minutos previos a revisar los \u00faltimos retoques <\/strong>frente al espejo, arreglar y colocar correctamente el vestuario. Hay que estar atento a cada detalle: vigilar posibles reflejos, el cabello, polvo en la ropa&#8230; Tener en cuenta todos estos detalles nos permitir\u00e1 ahorrar tiempo de edici\u00f3n durante el proceso de postproducci\u00f3n.  <\/p>\n<p>Una vez tenemos las im\u00e1genes las volcamos al ordenador y realizamos las respectivas copias de seguridad. Una vez hecho esto, hacemos la selecci\u00f3n de las fotograf\u00edas que editaremos. En este punto ajustaremos la luz, eliminaremos las imperfecciones que pueda haber, las etiquetaremos con las palabras clave \u00a1y listo!  <\/p>\n<p>&nbsp;<\/p>\n<p>Estamos seguros de que si planificas la sesi\u00f3n de fotos con tiempo y te organizas a la hora de hacerlas, \u00a1conseguir\u00e1s muy buenas fotograf\u00edas!<\/p>\n<p>Si quieres m\u00e1s consejos, no dudes en seguirnos en <span data-contrast=\"none\"><a href=\"https:\/\/www.linkedin.com\/company\/romeu-prenafeta\/\" target=\"_blank\" rel=\"noopener\">LinkedIn<\/a>, <a href=\"https:\/\/www.instagram.com\/romeuprenafeta\/\" target=\"_blank\" rel=\"noopener\">Instagram<\/a>, <a href=\"https:\/\/twitter.com\/romeuprenafeta_?lang=ca\" target=\"_blank\" rel=\"noopener\">Twitter <\/a>y <a href=\"https:\/\/www.facebook.com\/romeuprenafeta\" target=\"_blank\" rel=\"noopener\">Facebook <\/a>o bien <a href=\"https:\/\/romeuprenafeta.com\/es\/contacta\/\">contacta con nosotros.<\/a><\/span><\/p>\n<p>&nbsp;<\/p>\n<p>\u00d3scar Moix.<br \/>\nAlumno en pr\u00e1cticas.<\/p>\n","protected":false},"excerpt":{"rendered":"<p>En primer lugar, es importante aclarar cu\u00e1les son las fases de una sesi\u00f3n de fotos; entendemos que principalmente existen tres: La preproducci\u00f3n La producci\u00f3n La postproducci\u00f3n En el proceso de preproducci\u00f3n analizamos qu\u00e9 tipo de imagen necesitamos. Una herramienta muy \u00fatil para obtener ideas para las fotograf\u00edas es realizar una lluvia de ideas; esto nos [&hellip;]<\/p>\n","protected":false},"author":1,"featured_media":15035,"comment_status":"open","ping_status":"open","sticky":false,"template":"","format":"standard","meta":{"footnotes":""},"categories":[273,274],"tags":[290,293,292,276,291,277,287,288,289,294],"class_list":["post-20929","post","type-post","status-publish","format-standard","has-post-thumbnail","hentry","category-blog-es","category-formacion-socialtraining","tag-empresa-es","tag-fotos-es","tag-marca-es","tag-marketing-es","tag-marketing-es-2","tag-marketing-digital-es","tag-marketing-digital-es-2","tag-planificacion","tag-romeu-prenafeta-es","tag-sesion-de-fotos"],"yoast_head":"<!-- This site is optimized with the Yoast SEO plugin v26.4 - https:\/\/yoast.com\/wordpress\/plugins\/seo\/ -->\n<title>\u00bfC\u00f3mo organizar una sesi\u00f3n de fotos para tu empresa? | Romeu Prenafeta<\/title>\n<meta name=\"robots\" content=\"index, follow, max-snippet:-1, max-image-preview:large, max-video-preview:-1\" \/>\n<link rel=\"canonical\" href=\"https:\/\/romeuprenafeta.com\/es\/como-organizar-una-sesion-de-fotos-para-tu-empresa\/\" \/>\n<meta property=\"og:locale\" content=\"es_ES\" \/>\n<meta property=\"og:type\" content=\"article\" \/>\n<meta property=\"og:title\" content=\"\u00bfC\u00f3mo organizar una sesi\u00f3n de fotos para tu empresa? | Romeu Prenafeta\" \/>\n<meta property=\"og:description\" content=\"En primer lugar, es importante aclarar cu\u00e1les son las fases de una sesi\u00f3n de fotos; entendemos que principalmente existen tres: La preproducci\u00f3n La producci\u00f3n La postproducci\u00f3n En el proceso de preproducci\u00f3n analizamos qu\u00e9 tipo de imagen necesitamos. Una herramienta muy \u00fatil para obtener ideas para las fotograf\u00edas es realizar una lluvia de ideas; esto nos [&hellip;]\" \/>\n<meta property=\"og:url\" content=\"https:\/\/romeuprenafeta.com\/es\/como-organizar-una-sesion-de-fotos-para-tu-empresa\/\" \/>\n<meta property=\"og:site_name\" content=\"Romeu Prenafeta\" \/>\n<meta property=\"article:publisher\" content=\"https:\/\/www.facebook.com\/romeuprenafeta\" \/>\n<meta property=\"article:published_time\" content=\"2022-12-07T10:20:29+00:00\" \/>\n<meta property=\"og:image\" content=\"https:\/\/romeuprenafeta.com\/wp-content\/uploads\/2022\/12\/FOTO-BLOG-scaled.jpg\" \/>\n\t<meta property=\"og:image:width\" content=\"2560\" \/>\n\t<meta property=\"og:image:height\" content=\"1408\" \/>\n\t<meta property=\"og:image:type\" content=\"image\/jpeg\" \/>\n<meta name=\"author\" content=\"eines\" \/>\n<meta name=\"twitter:card\" content=\"summary_large_image\" \/>\n<meta name=\"twitter:creator\" content=\"@RomeuPrenafeta_\" \/>\n<meta name=\"twitter:site\" content=\"@RomeuPrenafeta_\" \/>\n<meta name=\"twitter:label1\" content=\"Escrito por\" \/>\n\t<meta name=\"twitter:data1\" content=\"eines\" \/>\n\t<meta name=\"twitter:label2\" content=\"Tiempo de lectura\" \/>\n\t<meta name=\"twitter:data2\" content=\"2 minutos\" \/>\n<script type=\"application\/ld+json\" class=\"yoast-schema-graph\">{\"@context\":\"https:\/\/schema.org\",\"@graph\":[{\"@type\":\"Article\",\"@id\":\"https:\/\/romeuprenafeta.com\/es\/como-organizar-una-sesion-de-fotos-para-tu-empresa\/#article\",\"isPartOf\":{\"@id\":\"https:\/\/romeuprenafeta.com\/es\/como-organizar-una-sesion-de-fotos-para-tu-empresa\/\"},\"author\":{\"name\":\"eines\",\"@id\":\"https:\/\/romeuprenafeta.com\/es\/#\/schema\/person\/58ebbd086311a764da330543658884f1\"},\"headline\":\"\u00bfC\u00f3mo organizar una sesi\u00f3n de fotos para tu empresa?\",\"datePublished\":\"2022-12-07T10:20:29+00:00\",\"mainEntityOfPage\":{\"@id\":\"https:\/\/romeuprenafeta.com\/es\/como-organizar-una-sesion-de-fotos-para-tu-empresa\/\"},\"wordCount\":462,\"commentCount\":0,\"publisher\":{\"@id\":\"https:\/\/romeuprenafeta.com\/es\/#organization\"},\"image\":{\"@id\":\"https:\/\/romeuprenafeta.com\/es\/como-organizar-una-sesion-de-fotos-para-tu-empresa\/#primaryimage\"},\"thumbnailUrl\":\"https:\/\/romeuprenafeta.com\/wp-content\/uploads\/2022\/12\/FOTO-BLOG-scaled.jpg\",\"keywords\":[\"empresa\",\"fotos\",\"marca\",\"marketing\",\"marketing\",\"marketing digital\",\"marketing digital\",\"planificaci\u00f3n\",\"romeu prenafeta\",\"sesi\u00f3n de fotos\"],\"articleSection\":[\"Blog\",\"Formaci\u00f3n #SocialTraining\"],\"inLanguage\":\"es\",\"potentialAction\":[{\"@type\":\"CommentAction\",\"name\":\"Comment\",\"target\":[\"https:\/\/romeuprenafeta.com\/es\/como-organizar-una-sesion-de-fotos-para-tu-empresa\/#respond\"]}]},{\"@type\":\"WebPage\",\"@id\":\"https:\/\/romeuprenafeta.com\/es\/como-organizar-una-sesion-de-fotos-para-tu-empresa\/\",\"url\":\"https:\/\/romeuprenafeta.com\/es\/como-organizar-una-sesion-de-fotos-para-tu-empresa\/\",\"name\":\"\u00bfC\u00f3mo organizar una sesi\u00f3n de fotos para tu empresa? | Romeu Prenafeta\",\"isPartOf\":{\"@id\":\"https:\/\/romeuprenafeta.com\/es\/#website\"},\"primaryImageOfPage\":{\"@id\":\"https:\/\/romeuprenafeta.com\/es\/como-organizar-una-sesion-de-fotos-para-tu-empresa\/#primaryimage\"},\"image\":{\"@id\":\"https:\/\/romeuprenafeta.com\/es\/como-organizar-una-sesion-de-fotos-para-tu-empresa\/#primaryimage\"},\"thumbnailUrl\":\"https:\/\/romeuprenafeta.com\/wp-content\/uploads\/2022\/12\/FOTO-BLOG-scaled.jpg\",\"datePublished\":\"2022-12-07T10:20:29+00:00\",\"breadcrumb\":{\"@id\":\"https:\/\/romeuprenafeta.com\/es\/como-organizar-una-sesion-de-fotos-para-tu-empresa\/#breadcrumb\"},\"inLanguage\":\"es\",\"potentialAction\":[{\"@type\":\"ReadAction\",\"target\":[\"https:\/\/romeuprenafeta.com\/es\/como-organizar-una-sesion-de-fotos-para-tu-empresa\/\"]}]},{\"@type\":\"ImageObject\",\"inLanguage\":\"es\",\"@id\":\"https:\/\/romeuprenafeta.com\/es\/como-organizar-una-sesion-de-fotos-para-tu-empresa\/#primaryimage\",\"url\":\"https:\/\/romeuprenafeta.com\/wp-content\/uploads\/2022\/12\/FOTO-BLOG-scaled.jpg\",\"contentUrl\":\"https:\/\/romeuprenafeta.com\/wp-content\/uploads\/2022\/12\/FOTO-BLOG-scaled.jpg\",\"width\":2560,\"height\":1408},{\"@type\":\"BreadcrumbList\",\"@id\":\"https:\/\/romeuprenafeta.com\/es\/como-organizar-una-sesion-de-fotos-para-tu-empresa\/#breadcrumb\",\"itemListElement\":[{\"@type\":\"ListItem\",\"position\":1,\"name\":\"Inici\",\"item\":\"https:\/\/romeuprenafeta.com\/es\/romeu-prenafeta\/\"},{\"@type\":\"ListItem\",\"position\":2,\"name\":\"\u00bfC\u00f3mo organizar una sesi\u00f3n de fotos para tu empresa?\"}]},{\"@type\":\"WebSite\",\"@id\":\"https:\/\/romeuprenafeta.com\/es\/#website\",\"url\":\"https:\/\/romeuprenafeta.com\/es\/\",\"name\":\"Romeu Prenafeta\",\"description\":\"\",\"publisher\":{\"@id\":\"https:\/\/romeuprenafeta.com\/es\/#organization\"},\"potentialAction\":[{\"@type\":\"SearchAction\",\"target\":{\"@type\":\"EntryPoint\",\"urlTemplate\":\"https:\/\/romeuprenafeta.com\/es\/?s={search_term_string}\"},\"query-input\":{\"@type\":\"PropertyValueSpecification\",\"valueRequired\":true,\"valueName\":\"search_term_string\"}}],\"inLanguage\":\"es\"},{\"@type\":\"Organization\",\"@id\":\"https:\/\/romeuprenafeta.com\/es\/#organization\",\"name\":\"Romeu Prenafeta\",\"url\":\"https:\/\/romeuprenafeta.com\/es\/\",\"logo\":{\"@type\":\"ImageObject\",\"inLanguage\":\"es\",\"@id\":\"https:\/\/romeuprenafeta.com\/es\/#\/schema\/logo\/image\/\",\"url\":\"https:\/\/romeuprenafeta.com\/wp-content\/uploads\/2025\/06\/cropped-RP_2024_Logo-blanc-verd-2.png\",\"contentUrl\":\"https:\/\/romeuprenafeta.com\/wp-content\/uploads\/2025\/06\/cropped-RP_2024_Logo-blanc-verd-2.png\",\"width\":2351,\"height\":1357,\"caption\":\"Romeu Prenafeta\"},\"image\":{\"@id\":\"https:\/\/romeuprenafeta.com\/es\/#\/schema\/logo\/image\/\"},\"sameAs\":[\"https:\/\/www.facebook.com\/romeuprenafeta\",\"https:\/\/x.com\/RomeuPrenafeta_\",\"https:\/\/www.linkedin.com\/company\/romeu-prenafeta\",\"https:\/\/www.instagram.com\/romeuprenafeta\",\"https:\/\/www.youtube.com\/channel\/UCIYJP_52XR_qaQxfrS7twOw\",\"https:\/\/www.tiktok.com\/@romeuprenafeta\"]},{\"@type\":\"Person\",\"@id\":\"https:\/\/romeuprenafeta.com\/es\/#\/schema\/person\/58ebbd086311a764da330543658884f1\",\"name\":\"eines\",\"image\":{\"@type\":\"ImageObject\",\"inLanguage\":\"es\",\"@id\":\"https:\/\/romeuprenafeta.com\/es\/#\/schema\/person\/image\/\",\"url\":\"https:\/\/secure.gravatar.com\/avatar\/7f9ecc3e82781929ed0b61613ad3ffd0a1c9c9cad024227a318d136a4679cf9a?s=96&d=mm&r=g\",\"contentUrl\":\"https:\/\/secure.gravatar.com\/avatar\/7f9ecc3e82781929ed0b61613ad3ffd0a1c9c9cad024227a318d136a4679cf9a?s=96&d=mm&r=g\",\"caption\":\"eines\"},\"sameAs\":[\"https:\/\/romeuprenafeta.com\"],\"url\":\"https:\/\/romeuprenafeta.com\/es\/author\/eines\/\"}]}<\/script>\n<!-- \/ Yoast SEO plugin. -->","yoast_head_json":{"title":"\u00bfC\u00f3mo organizar una sesi\u00f3n de fotos para tu empresa? | Romeu Prenafeta","robots":{"index":"index","follow":"follow","max-snippet":"max-snippet:-1","max-image-preview":"max-image-preview:large","max-video-preview":"max-video-preview:-1"},"canonical":"https:\/\/romeuprenafeta.com\/es\/como-organizar-una-sesion-de-fotos-para-tu-empresa\/","og_locale":"es_ES","og_type":"article","og_title":"\u00bfC\u00f3mo organizar una sesi\u00f3n de fotos para tu empresa? | Romeu Prenafeta","og_description":"En primer lugar, es importante aclarar cu\u00e1les son las fases de una sesi\u00f3n de fotos; entendemos que principalmente existen tres: La preproducci\u00f3n La producci\u00f3n La postproducci\u00f3n En el proceso de preproducci\u00f3n analizamos qu\u00e9 tipo de imagen necesitamos. Una herramienta muy \u00fatil para obtener ideas para las fotograf\u00edas es realizar una lluvia de ideas; esto nos [&hellip;]","og_url":"https:\/\/romeuprenafeta.com\/es\/como-organizar-una-sesion-de-fotos-para-tu-empresa\/","og_site_name":"Romeu Prenafeta","article_publisher":"https:\/\/www.facebook.com\/romeuprenafeta","article_published_time":"2022-12-07T10:20:29+00:00","og_image":[{"width":2560,"height":1408,"url":"https:\/\/romeuprenafeta.com\/wp-content\/uploads\/2022\/12\/FOTO-BLOG-scaled.jpg","type":"image\/jpeg"}],"author":"eines","twitter_card":"summary_large_image","twitter_creator":"@RomeuPrenafeta_","twitter_site":"@RomeuPrenafeta_","twitter_misc":{"Escrito por":"eines","Tiempo de lectura":"2 minutos"},"schema":{"@context":"https:\/\/schema.org","@graph":[{"@type":"Article","@id":"https:\/\/romeuprenafeta.com\/es\/como-organizar-una-sesion-de-fotos-para-tu-empresa\/#article","isPartOf":{"@id":"https:\/\/romeuprenafeta.com\/es\/como-organizar-una-sesion-de-fotos-para-tu-empresa\/"},"author":{"name":"eines","@id":"https:\/\/romeuprenafeta.com\/es\/#\/schema\/person\/58ebbd086311a764da330543658884f1"},"headline":"\u00bfC\u00f3mo organizar una sesi\u00f3n de fotos para tu empresa?","datePublished":"2022-12-07T10:20:29+00:00","mainEntityOfPage":{"@id":"https:\/\/romeuprenafeta.com\/es\/como-organizar-una-sesion-de-fotos-para-tu-empresa\/"},"wordCount":462,"commentCount":0,"publisher":{"@id":"https:\/\/romeuprenafeta.com\/es\/#organization"},"image":{"@id":"https:\/\/romeuprenafeta.com\/es\/como-organizar-una-sesion-de-fotos-para-tu-empresa\/#primaryimage"},"thumbnailUrl":"https:\/\/romeuprenafeta.com\/wp-content\/uploads\/2022\/12\/FOTO-BLOG-scaled.jpg","keywords":["empresa","fotos","marca","marketing","marketing","marketing digital","marketing digital","planificaci\u00f3n","romeu prenafeta","sesi\u00f3n de fotos"],"articleSection":["Blog","Formaci\u00f3n #SocialTraining"],"inLanguage":"es","potentialAction":[{"@type":"CommentAction","name":"Comment","target":["https:\/\/romeuprenafeta.com\/es\/como-organizar-una-sesion-de-fotos-para-tu-empresa\/#respond"]}]},{"@type":"WebPage","@id":"https:\/\/romeuprenafeta.com\/es\/como-organizar-una-sesion-de-fotos-para-tu-empresa\/","url":"https:\/\/romeuprenafeta.com\/es\/como-organizar-una-sesion-de-fotos-para-tu-empresa\/","name":"\u00bfC\u00f3mo organizar una sesi\u00f3n de fotos para tu empresa? | Romeu Prenafeta","isPartOf":{"@id":"https:\/\/romeuprenafeta.com\/es\/#website"},"primaryImageOfPage":{"@id":"https:\/\/romeuprenafeta.com\/es\/como-organizar-una-sesion-de-fotos-para-tu-empresa\/#primaryimage"},"image":{"@id":"https:\/\/romeuprenafeta.com\/es\/como-organizar-una-sesion-de-fotos-para-tu-empresa\/#primaryimage"},"thumbnailUrl":"https:\/\/romeuprenafeta.com\/wp-content\/uploads\/2022\/12\/FOTO-BLOG-scaled.jpg","datePublished":"2022-12-07T10:20:29+00:00","breadcrumb":{"@id":"https:\/\/romeuprenafeta.com\/es\/como-organizar-una-sesion-de-fotos-para-tu-empresa\/#breadcrumb"},"inLanguage":"es","potentialAction":[{"@type":"ReadAction","target":["https:\/\/romeuprenafeta.com\/es\/como-organizar-una-sesion-de-fotos-para-tu-empresa\/"]}]},{"@type":"ImageObject","inLanguage":"es","@id":"https:\/\/romeuprenafeta.com\/es\/como-organizar-una-sesion-de-fotos-para-tu-empresa\/#primaryimage","url":"https:\/\/romeuprenafeta.com\/wp-content\/uploads\/2022\/12\/FOTO-BLOG-scaled.jpg","contentUrl":"https:\/\/romeuprenafeta.com\/wp-content\/uploads\/2022\/12\/FOTO-BLOG-scaled.jpg","width":2560,"height":1408},{"@type":"BreadcrumbList","@id":"https:\/\/romeuprenafeta.com\/es\/como-organizar-una-sesion-de-fotos-para-tu-empresa\/#breadcrumb","itemListElement":[{"@type":"ListItem","position":1,"name":"Inici","item":"https:\/\/romeuprenafeta.com\/es\/romeu-prenafeta\/"},{"@type":"ListItem","position":2,"name":"\u00bfC\u00f3mo organizar una sesi\u00f3n de fotos para tu empresa?"}]},{"@type":"WebSite","@id":"https:\/\/romeuprenafeta.com\/es\/#website","url":"https:\/\/romeuprenafeta.com\/es\/","name":"Romeu Prenafeta","description":"","publisher":{"@id":"https:\/\/romeuprenafeta.com\/es\/#organization"},"potentialAction":[{"@type":"SearchAction","target":{"@type":"EntryPoint","urlTemplate":"https:\/\/romeuprenafeta.com\/es\/?s={search_term_string}"},"query-input":{"@type":"PropertyValueSpecification","valueRequired":true,"valueName":"search_term_string"}}],"inLanguage":"es"},{"@type":"Organization","@id":"https:\/\/romeuprenafeta.com\/es\/#organization","name":"Romeu Prenafeta","url":"https:\/\/romeuprenafeta.com\/es\/","logo":{"@type":"ImageObject","inLanguage":"es","@id":"https:\/\/romeuprenafeta.com\/es\/#\/schema\/logo\/image\/","url":"https:\/\/romeuprenafeta.com\/wp-content\/uploads\/2025\/06\/cropped-RP_2024_Logo-blanc-verd-2.png","contentUrl":"https:\/\/romeuprenafeta.com\/wp-content\/uploads\/2025\/06\/cropped-RP_2024_Logo-blanc-verd-2.png","width":2351,"height":1357,"caption":"Romeu Prenafeta"},"image":{"@id":"https:\/\/romeuprenafeta.com\/es\/#\/schema\/logo\/image\/"},"sameAs":["https:\/\/www.facebook.com\/romeuprenafeta","https:\/\/x.com\/RomeuPrenafeta_","https:\/\/www.linkedin.com\/company\/romeu-prenafeta","https:\/\/www.instagram.com\/romeuprenafeta","https:\/\/www.youtube.com\/channel\/UCIYJP_52XR_qaQxfrS7twOw","https:\/\/www.tiktok.com\/@romeuprenafeta"]},{"@type":"Person","@id":"https:\/\/romeuprenafeta.com\/es\/#\/schema\/person\/58ebbd086311a764da330543658884f1","name":"eines","image":{"@type":"ImageObject","inLanguage":"es","@id":"https:\/\/romeuprenafeta.com\/es\/#\/schema\/person\/image\/","url":"https:\/\/secure.gravatar.com\/avatar\/7f9ecc3e82781929ed0b61613ad3ffd0a1c9c9cad024227a318d136a4679cf9a?s=96&d=mm&r=g","contentUrl":"https:\/\/secure.gravatar.com\/avatar\/7f9ecc3e82781929ed0b61613ad3ffd0a1c9c9cad024227a318d136a4679cf9a?s=96&d=mm&r=g","caption":"eines"},"sameAs":["https:\/\/romeuprenafeta.com"],"url":"https:\/\/romeuprenafeta.com\/es\/author\/eines\/"}]}},"_links":{"self":[{"href":"https:\/\/romeuprenafeta.com\/es\/wp-json\/wp\/v2\/posts\/20929","targetHints":{"allow":["GET"]}}],"collection":[{"href":"https:\/\/romeuprenafeta.com\/es\/wp-json\/wp\/v2\/posts"}],"about":[{"href":"https:\/\/romeuprenafeta.com\/es\/wp-json\/wp\/v2\/types\/post"}],"author":[{"embeddable":true,"href":"https:\/\/romeuprenafeta.com\/es\/wp-json\/wp\/v2\/users\/1"}],"replies":[{"embeddable":true,"href":"https:\/\/romeuprenafeta.com\/es\/wp-json\/wp\/v2\/comments?post=20929"}],"version-history":[{"count":0,"href":"https:\/\/romeuprenafeta.com\/es\/wp-json\/wp\/v2\/posts\/20929\/revisions"}],"wp:featuredmedia":[{"embeddable":true,"href":"https:\/\/romeuprenafeta.com\/es\/wp-json\/wp\/v2\/media\/15035"}],"wp:attachment":[{"href":"https:\/\/romeuprenafeta.com\/es\/wp-json\/wp\/v2\/media?parent=20929"}],"wp:term":[{"taxonomy":"category","embeddable":true,"href":"https:\/\/romeuprenafeta.com\/es\/wp-json\/wp\/v2\/categories?post=20929"},{"taxonomy":"post_tag","embeddable":true,"href":"https:\/\/romeuprenafeta.com\/es\/wp-json\/wp\/v2\/tags?post=20929"}],"curies":[{"name":"wp","href":"https:\/\/api.w.org\/{rel}","templated":true}]}}